{"id":47708,"date":"2023-09-29T14:23:29","date_gmt":"2023-09-29T17:23:29","guid":{"rendered":"http:\/\/www.sincomam.org.br\/?p=47708"},"modified":"2023-09-29T14:23:59","modified_gmt":"2023-09-29T17:23:59","slug":"descobrindo-a-amazonia-azul-o-brasil-amplia-seu-territorio-maritimo","status":"publish","type":"post","link":"https:\/\/www.sincomam.org.br\/index.php\/descobrindo-a-amazonia-azul-o-brasil-amplia-seu-territorio-maritimo\/","title":{"rendered":"Descobrindo a Amaz\u00f4nia Azul: O Brasil Amplia Seu Territ\u00f3rio Mar\u00edtimo"},"content":{"rendered":"<p>O Brasil celebra uma conquista hist\u00f3rica: a expans\u00e3o de sua \u00e1rea mar\u00edtima em impressionantes 5,7 milh\u00f5es de km\u00b2, agora conhecida como\u00a0Amaz\u00f4nia Azul. Este feito \u00e9 resultado de um meticuloso trabalho realizado por profissionais dedicados da Marinha, Petrobras e da comunidade cient\u00edfica. A Amaz\u00f4nia Azul n\u00e3o \u00e9 apenas uma extens\u00e3o do Mar Territorial Brasileiro, mas tamb\u00e9m abrange a Zona Econ\u00f4mica Exclusiva (ZEE) e se estende al\u00e9m das tradicionais 200 milhas n\u00e1uticas da costa brasileira. Esta expans\u00e3o \u00e9 compar\u00e1vel \u00e0 grandiosidade da Floresta Amaz\u00f4nica, tanto em termos de dimens\u00e3o quanto de riqueza natural.<\/p>\n<p><strong>Inclus\u00e3o no Mapa Brasileiro<\/strong><\/p>\n<p>Ap\u00f3s quatro anos de estudos e colabora\u00e7\u00f5es entre a Marinha, o Instituto Brasileiro de Geografia e Estat\u00edstica e o Minist\u00e9rio da Educa\u00e7\u00e3o, a Amaz\u00f4nia Azul foi finalmente inclu\u00edda no mapa brasileiro. Esta inclus\u00e3o tem como objetivo\u00a0mudar a percep\u00e7\u00e3o\u00a0da popula\u00e7\u00e3o sobre a extens\u00e3o e riqueza do territ\u00f3rio brasileiro. Al\u00e9m disso, espera-se que essa nova representa\u00e7\u00e3o geogr\u00e1fica inspire as futuras gera\u00e7\u00f5es a valorizar e proteger essa vasta regi\u00e3o mar\u00edtima, que \u00e9 vital para a economia do pa\u00eds, sendo respons\u00e1vel por 95% da extra\u00e7\u00e3o de petr\u00f3leo nacional e pelo tr\u00e1fego de 95% do com\u00e9rcio exterior.<\/p>\n<p><strong>Os Bandeirantes das Longitudes Salgadas<\/strong><\/p>\n<p>Por tr\u00e1s dessa expans\u00e3o, h\u00e1 uma equipe de especialistas dedicados, carinhosamente chamados de\u00a0\u201cbandeirantes das longitudes salgadas\u201d. Estes profissionais, que incluem hidr\u00f3grafos, bi\u00f3logos e ocean\u00f3grafos, s\u00e3o os respons\u00e1veis por explorar e mapear a Amaz\u00f4nia Azul. Assim como os bandeirantes do passado expandiram os limites terrestres do Brasil, esses novos exploradores est\u00e3o ampliando o dom\u00ednio mar\u00edtimo do pa\u00eds. Durante suas expedi\u00e7\u00f5es, que podem durar de 15 a 30 dias, coletam dados valiosos sobre o fundo do mar e o subsolo marinho, alcan\u00e7ando profundidades de mais de 5.000 metros.<\/p>\n<p><strong>Reconhecimento Internacional e Futuro da Amaz\u00f4nia Azul<\/strong><\/p>\n<p>A expans\u00e3o da plataforma continental brasileira n\u00e3o passou despercebida no cen\u00e1rio internacional. A proposta de extens\u00e3o foi dividida em tr\u00eas \u00e1reas e enviada \u00e0s Na\u00e7\u00f5es Unidas para avalia\u00e7\u00e3o e reconhecimento. Com a Regi\u00e3o Sul j\u00e1 reconhecida pela ONU, as outras regi\u00f5es aguardam an\u00e1lise. Al\u00e9m de solidificar a soberania do Brasil sobre essa vasta \u00e1rea mar\u00edtima, o reconhecimento internacional da Amaz\u00f4nia Azul abre portas para\u00a0novas descobertas\u00a0e oportunidades, desde campos petrol\u00edferos at\u00e9 a explora\u00e7\u00e3o da biodiversidade marinha, prometendo um futuro brilhante para as pr\u00f3ximas gera\u00e7\u00f5es de brasileiros.<\/p>\n<p>Fonte: Defesa em Foco<\/p>\n<p>&nbsp;<\/p>\n","protected":false},"excerpt":{"rendered":"<p>O Brasil celebra uma conquista hist\u00f3rica: a expans\u00e3o de sua \u00e1rea mar\u00edtima em impressionantes 5,7 milh\u00f5es de km\u00b2, agora conhecida como\u00a0Amaz\u00f4nia Azul. Este feito \u00e9&#8230;<\/p>\n","protected":false},"author":1527,"featured_media":47693,"comment_status":"closed","ping_status":"closed","sticky":false,"template":"","format":"standard","meta":{"footnotes":""},"categories":[6],"tags":[],"class_list":["post-47708","post","type-post","status-publish","format-standard","has-post-thumbnail","hentry","category-noticias"],"_links":{"self":[{"href":"https:\/\/www.sincomam.org.br\/index.php\/wp-json\/wp\/v2\/posts\/47708","targetHints":{"allow":["GET"]}}],"collection":[{"href":"https:\/\/www.sincomam.org.br\/index.php\/wp-json\/wp\/v2\/posts"}],"about":[{"href":"https:\/\/www.sincomam.org.br\/index.php\/wp-json\/wp\/v2\/types\/post"}],"author":[{"embeddable":true,"href":"https:\/\/www.sincomam.org.br\/index.php\/wp-json\/wp\/v2\/users\/1527"}],"replies":[{"embeddable":true,"href":"https:\/\/www.sincomam.org.br\/index.php\/wp-json\/wp\/v2\/comments?post=47708"}],"version-history":[{"count":1,"href":"https:\/\/www.sincomam.org.br\/index.php\/wp-json\/wp\/v2\/posts\/47708\/revisions"}],"predecessor-version":[{"id":47709,"href":"https:\/\/www.sincomam.org.br\/index.php\/wp-json\/wp\/v2\/posts\/47708\/revisions\/47709"}],"wp:featuredmedia":[{"embeddable":true,"href":"https:\/\/www.sincomam.org.br\/index.php\/wp-json\/wp\/v2\/media\/47693"}],"wp:attachment":[{"href":"https:\/\/www.sincomam.org.br\/index.php\/wp-json\/wp\/v2\/media?parent=47708"}],"wp:term":[{"taxonomy":"category","embeddable":true,"href":"https:\/\/www.sincomam.org.br\/index.php\/wp-json\/wp\/v2\/categories?post=47708"},{"taxonomy":"post_tag","embeddable":true,"href":"https:\/\/www.sincomam.org.br\/index.php\/wp-json\/wp\/v2\/tags?post=47708"}],"curies":[{"name":"wp","href":"https:\/\/api.w.org\/{rel}","templated":true}]}}