{"id":47697,"date":"2023-09-29T10:18:26","date_gmt":"2023-09-29T13:18:26","guid":{"rendered":"http:\/\/www.sincomam.org.br\/?p=47697"},"modified":"2023-09-29T10:18:26","modified_gmt":"2023-09-29T13:18:26","slug":"manaus-decreta-emergencia-por-causa-da-seca-no-rio-negro","status":"publish","type":"post","link":"https:\/\/www.sincomam.org.br\/index.php\/manaus-decreta-emergencia-por-causa-da-seca-no-rio-negro\/","title":{"rendered":"Manaus decreta emerg\u00eancia por causa da seca no Rio Negro"},"content":{"rendered":"<p>A prefeitura de Manaus decretou, nesta quinta-feira (28), situa\u00e7\u00e3o de emerg\u00eancia em raz\u00e3o da seca que atinge o Rio Negro. Hoje o rio atingiu a cota de 16,11 metros (m), n\u00edvel considerado muito baixo para o per\u00edodo. O decreto tem validade de 90 dias. Com isso, subiu para 17 o n\u00famero de munic\u00edpios amazonenses que decretaram situa\u00e7\u00e3o de emerg\u00eancia por causa da estiagem que atinge o estado.<img decoding=\"async\" src=\"https:\/\/agenciabrasil.ebc.com.br\/ebc.png?id=1558171&amp;o=node\" \/><img decoding=\"async\" src=\"https:\/\/agenciabrasil.ebc.com.br\/ebc.gif?id=1558171&amp;o=node\" \/><\/p>\n<p>Segundo a prefeitura de Manaus, a vazante do Rio Negro vem causando preju\u00edzos as zonas ribeirinha e rural da cidade.<\/p>\n<p>Com a seca, os moradores das zonas ribeirinhas e rurais est\u00e3o com dificuldade de acesso a alimentos e \u00e1gua pot\u00e1vel. Entre as a\u00e7\u00f5es previstas para atender a popula\u00e7\u00e3o, est\u00e3o a distribui\u00e7\u00e3o de alimentos e a perfura\u00e7\u00e3o de 30 po\u00e7os artesianos para levar \u00e1gua a diferentes comunidades, informou a prefeitura. Tamb\u00e9m ser\u00e3o entregues 60 botes com motor para as comunidades afetadas.<\/p>\n<p>Nas \u00faltimas 48 horas, enquanto a capital amazonense registrou dois focos de queimadas, munic\u00edpios do interior, entre os quais Autazes, Novo Air\u00e3o e Iranduba, contabilizaram 58 ocorr\u00eancias, segundo dados do Instituto Nacional de Pesquisas Espaciais (Inpe). Os focos de inc\u00eandio fizeram com que a cidade ficasse encoberta por uma nuvem de fuma\u00e7a.<\/p>\n<p>De acordo com o Inpe, em setembro, foram registrados 6.597 focos no Amazonas. Nos \u00faltimos dois dias, foram notificados 34 focos de queimadas em Autazes, dez nos munic\u00edpios de Careiro e Careiro da V\u00e1rzea, oito em Novo Air\u00e3o e seis em Iranduba.<\/p>\n<p>A\u00a0situa\u00e7\u00e3o de emerg\u00eancia\u00a0\u00e9 declarada quando ocorre uma situa\u00e7\u00e3o anormal, provocada por desastres, causando danos e preju\u00edzos \u00e0 comunidade. Nesses casos, o comprometimento da capacidade de resposta do poder p\u00fablico do ente atingido \u00e9 &#8220;parcial&#8221;.<\/p>\n<p>Al\u00e9m de Manaus, declararam situa\u00e7\u00e3o de emerg\u00eancia os munic\u00edpios de Amatur\u00e1, Atalaia do Norte, Benjamin Constant, Coari, Eirunep\u00e9, Envira, Itamarati, Ipixuna, \u00a0Juta\u00ed, Mara\u00e3, S\u00e3o Paulo de Oliven\u00e7a, Santo Ant\u00f4nio do I\u00e7\u00e1, Tonantins, Tabatinga, Tef\u00e9 e Uarini.<\/p>\n<p>Dos 62 munic\u00edpios do Amazonas, apenas dois n\u00e3o est\u00e3o sendo afetados pela seca: Presidente Figueiredo e Apu\u00ed. Cinco est\u00e3o em estado de aten\u00e7\u00e3o e 38, em alerta.<\/p>\n<p>Segundo a Defesa Civil do Amazonas, os munic\u00edpios em situa\u00e7\u00e3o de emerg\u00eancia se localizam nas calhas do Alto Solim\u00f5es, Juru\u00e1 e M\u00e9dio Solim\u00f5es, mais afetadas pela baixa das \u00e1guas. A perspectiva \u00e9 que a situa\u00e7\u00e3o se agrave ainda mais em outubro, quando a seca deve ficar mais intensa. A estimativa da Defesa Civil \u00e9 que, at\u00e9 o m\u00eas de dezembro, cerca de 500 mil pessoas sejam afetadas em raz\u00e3o da estiagem no estado.<\/p>\n<p>De acordo com o Instituto Nacional de Pesquisa da Amaz\u00f4nia (Inpa), al\u00e9m do fen\u00f4meno El Ni\u00f1o, que aumenta a temperatura das \u00e1guas superficiais do oceano na regi\u00e3o do Pac\u00edfico Equatorial, o aquecimento do Atl\u00e2ntico Tropical Norte, logo acima da linha do Equador, inibe a forma\u00e7\u00e3o de nuvens, reduzindo o volume de chuvas na Amaz\u00f4nia.<\/p>\n<p>Fonte: Ag\u00eancia Brasil<\/p>\n","protected":false},"excerpt":{"rendered":"<p>A prefeitura de Manaus decretou, nesta quinta-feira (28), situa\u00e7\u00e3o de emerg\u00eancia em raz\u00e3o da seca que atinge o Rio Negro. Hoje o rio atingiu a&#8230;<\/p>\n","protected":false},"author":1527,"featured_media":47698,"comment_status":"closed","ping_status":"closed","sticky":false,"template":"","format":"standard","meta":{"footnotes":""},"categories":[6],"tags":[],"class_list":["post-47697","post","type-post","status-publish","format-standard","has-post-thumbnail","hentry","category-noticias"],"_links":{"self":[{"href":"https:\/\/www.sincomam.org.br\/index.php\/wp-json\/wp\/v2\/posts\/47697","targetHints":{"allow":["GET"]}}],"collection":[{"href":"https:\/\/www.sincomam.org.br\/index.php\/wp-json\/wp\/v2\/posts"}],"about":[{"href":"https:\/\/www.sincomam.org.br\/index.php\/wp-json\/wp\/v2\/types\/post"}],"author":[{"embeddable":true,"href":"https:\/\/www.sincomam.org.br\/index.php\/wp-json\/wp\/v2\/users\/1527"}],"replies":[{"embeddable":true,"href":"https:\/\/www.sincomam.org.br\/index.php\/wp-json\/wp\/v2\/comments?post=47697"}],"version-history":[{"count":1,"href":"https:\/\/www.sincomam.org.br\/index.php\/wp-json\/wp\/v2\/posts\/47697\/revisions"}],"predecessor-version":[{"id":47699,"href":"https:\/\/www.sincomam.org.br\/index.php\/wp-json\/wp\/v2\/posts\/47697\/revisions\/47699"}],"wp:featuredmedia":[{"embeddable":true,"href":"https:\/\/www.sincomam.org.br\/index.php\/wp-json\/wp\/v2\/media\/47698"}],"wp:attachment":[{"href":"https:\/\/www.sincomam.org.br\/index.php\/wp-json\/wp\/v2\/media?parent=47697"}],"wp:term":[{"taxonomy":"category","embeddable":true,"href":"https:\/\/www.sincomam.org.br\/index.php\/wp-json\/wp\/v2\/categories?post=47697"},{"taxonomy":"post_tag","embeddable":true,"href":"https:\/\/www.sincomam.org.br\/index.php\/wp-json\/wp\/v2\/tags?post=47697"}],"curies":[{"name":"wp","href":"https:\/\/api.w.org\/{rel}","templated":true}]}}