{"id":47689,"date":"2023-09-29T10:10:30","date_gmt":"2023-09-29T13:10:30","guid":{"rendered":"http:\/\/www.sincomam.org.br\/?p=47689"},"modified":"2023-09-29T10:10:30","modified_gmt":"2023-09-29T13:10:30","slug":"porto-do-itaqui-se-prepara-para-ser-o-primeiro-do-pais-a-ter-um-programa-de-descarbonizacao","status":"publish","type":"post","link":"https:\/\/www.sincomam.org.br\/index.php\/porto-do-itaqui-se-prepara-para-ser-o-primeiro-do-pais-a-ter-um-programa-de-descarbonizacao\/","title":{"rendered":"PORTO DO ITAQUI SE PREPARA PARA SER O PRIMEIRO DO PA\u00cdS A TER UM PROGRAMA DE DESCARBONIZA\u00c7\u00c3O"},"content":{"rendered":"<p>O Porto do Itaqui se prepara para lan\u00e7ar o seu plano de descarboniza\u00e7\u00e3o, pioneiro no Brasil entre os portos. O principal objetivo \u00e9 reduzir as emiss\u00f5es de gases de efeito estufa em todo o complexo portu\u00e1rio. Sua elabora\u00e7\u00e3o \u00e9 resultado de uma parceria in\u00e9dita no Brasil, com o Porto de Val\u00eancia, que fica na Espanha. O plano tem previs\u00e3o para ser entregue em outubro de 2024.<\/p>\n<p>As a\u00e7\u00f5es para a elabora\u00e7\u00e3o do Plano de Descarboniza\u00e7\u00e3o do Porto do Itaqui j\u00e1 come\u00e7aram com a presen\u00e7a de representantes do Porto de Valencia que, nesta ter\u00e7a-feira (26), estiveram reunidos com representantes das empresas operadores que atuam no Itaqui.<\/p>\n<p>Como parte do cronograma do contrato, o trabalho conjunto come\u00e7ar\u00e1 com um mapeamento inicial das emiss\u00f5es de gases de efeito estufa, abrangendo caminh\u00f5es e ve\u00edculos que circulam na poligonal do porto, navios e todos os equipamentos portu\u00e1rios. A partir desse estudo, ser\u00e1 elaborado todo o plano de descarboniza\u00e7\u00e3o, que vai orientar a\u00e7\u00f5es e investimentos com um direcionamento mais preciso, objetivo e estrat\u00e9gico.<\/p>\n<p>A equipe da Valencia Port tamb\u00e9m esteve visitando todas as empresas \u00a0que operam \u00a0no porto do Itaqui. A gerente de meio ambiente, Luane Lemos, acrescentou que o engajamento de todo o Complexo \u00e9 essencial para o sucesso de cada etapa. \u201c\u00c9 muito importante que todas as empresas dentro do complexo entendam a import\u00e2ncia do plano e participem dessa jornada junto conosco\u201d, disse.<\/p>\n<p>\u201cA descarboniza\u00e7\u00e3o \u00e9 um projeto muito ambicioso, pois converter\u00e1 o Porto do Itaqui no primeiro porto brasileiro com esses indicadores definidos e um plano para trat\u00e1-los\u201d, refor\u00e7ou Josep Sanz, coordenador t\u00e9cnico do Porto de Val\u00eancia.<\/p>\n<p>\u201cO projeto come\u00e7ou no m\u00eas de agosto e j\u00e1 estamos trabalhando diretamente com a EMAP e as empresas do porto no levantamento das informa\u00e7\u00f5es que precisamos para calcular a pegada de carbono. Esse c\u00e1lculo tem previs\u00e3o de apresenta\u00e7\u00e3o aqui, no porto, em fevereiro e o projeto se estender\u00e1 at\u00e9 outubro do pr\u00f3ximo ano, com o plano de descarboniza\u00e7\u00e3o completo\u201d, finalizou Aur\u00e9lio Lazaro- Chefe de projeto do Porto de Val\u00eancia.<\/p>\n<p>\u201cA equipe est\u00e1 fazendo \u00a0levantamentos dos poss\u00edveis impactos ambientais e estrat\u00e9gicos que poder\u00e3o mitigar esse problema. A partir desses estudos , n\u00f3s vamos preparar o futuro , ou seja, vamos ter um projeto consciente de descarboniza\u00e7\u00e3o \u00a0do Porto do Itaqui, o primeiro porto brasileiro que vai ter esse estudo \u00a0e que vai come\u00e7ar a implementar \u00a0a descarboniza\u00e7\u00e3o\u201d, relatou Marcelo Coelho, diretor de planejamento da EMAP.<\/p>\n<p>Fonte: Informativo dos Portos<\/p>\n","protected":false},"excerpt":{"rendered":"<p>O Porto do Itaqui se prepara para lan\u00e7ar o seu plano de descarboniza\u00e7\u00e3o, pioneiro no Brasil entre os portos. O principal objetivo \u00e9 reduzir as&#8230;<\/p>\n","protected":false},"author":1527,"featured_media":47690,"comment_status":"closed","ping_status":"closed","sticky":false,"template":"","format":"standard","meta":{"footnotes":""},"categories":[6],"tags":[],"class_list":["post-47689","post","type-post","status-publish","format-standard","has-post-thumbnail","hentry","category-noticias"],"_links":{"self":[{"href":"https:\/\/www.sincomam.org.br\/index.php\/wp-json\/wp\/v2\/posts\/47689","targetHints":{"allow":["GET"]}}],"collection":[{"href":"https:\/\/www.sincomam.org.br\/index.php\/wp-json\/wp\/v2\/posts"}],"about":[{"href":"https:\/\/www.sincomam.org.br\/index.php\/wp-json\/wp\/v2\/types\/post"}],"author":[{"embeddable":true,"href":"https:\/\/www.sincomam.org.br\/index.php\/wp-json\/wp\/v2\/users\/1527"}],"replies":[{"embeddable":true,"href":"https:\/\/www.sincomam.org.br\/index.php\/wp-json\/wp\/v2\/comments?post=47689"}],"version-history":[{"count":1,"href":"https:\/\/www.sincomam.org.br\/index.php\/wp-json\/wp\/v2\/posts\/47689\/revisions"}],"predecessor-version":[{"id":47691,"href":"https:\/\/www.sincomam.org.br\/index.php\/wp-json\/wp\/v2\/posts\/47689\/revisions\/47691"}],"wp:featuredmedia":[{"embeddable":true,"href":"https:\/\/www.sincomam.org.br\/index.php\/wp-json\/wp\/v2\/media\/47690"}],"wp:attachment":[{"href":"https:\/\/www.sincomam.org.br\/index.php\/wp-json\/wp\/v2\/media?parent=47689"}],"wp:term":[{"taxonomy":"category","embeddable":true,"href":"https:\/\/www.sincomam.org.br\/index.php\/wp-json\/wp\/v2\/categories?post=47689"},{"taxonomy":"post_tag","embeddable":true,"href":"https:\/\/www.sincomam.org.br\/index.php\/wp-json\/wp\/v2\/tags?post=47689"}],"curies":[{"name":"wp","href":"https:\/\/api.w.org\/{rel}","templated":true}]}}