{"id":47671,"date":"2023-09-28T09:58:19","date_gmt":"2023-09-28T12:58:19","guid":{"rendered":"http:\/\/www.sincomam.org.br\/?p=47671"},"modified":"2023-09-28T09:58:19","modified_gmt":"2023-09-28T12:58:19","slug":"geleiras-suicas-estao-derretendo","status":"publish","type":"post","link":"https:\/\/www.sincomam.org.br\/index.php\/geleiras-suicas-estao-derretendo\/","title":{"rendered":"Geleiras su\u00ed\u00e7as est\u00e3o derretendo"},"content":{"rendered":"<p>Estudo da Academia Su\u00ed\u00e7a de Ci\u00eancias Naturais mostra que as geleiras\u00a0su\u00ed\u00e7as perderam 10% do seu volume em dois anos, ap\u00f3s o agravamento das condi\u00e7\u00f5es meteorol\u00f3gicas e altera\u00e7\u00f5es clim\u00e1ticas. De acordo com o grupo de especialistas respons\u00e1vel pela pesquisa, nos \u00faltimos dois anos as geleiras\u00a0derreteram tanto quanto no per\u00edodo\u00a0de\u00a01960 e 1990 devido \u00e0s mudan\u00e7as do clima.<img decoding=\"async\" src=\"https:\/\/agenciabrasil.ebc.com.br\/ebc.png?id=1558060&amp;o=node\" \/><img decoding=\"async\" src=\"https:\/\/agenciabrasil.ebc.com.br\/ebc.gif?id=1558060&amp;o=node\" \/><\/p>\n<p>O estudo indica que elas perderam 10% do seu volume nos anos de 2022 e 2023 devido \u00e0 pouca neve no inverno e \u00e0s temperaturas muito elevadas no ver\u00e3o.<\/p>\n<p>A conclus\u00e3o do levantamento\u00a0\u00e9 clara: &#8220;As geleiras su\u00ed\u00e7as\u00a0est\u00e3o derretendo\u00a0cada vez mais r\u00e1pido&#8221;.<\/p>\n<p>Anos de fen\u00f4menos extremos se sucedem\u00a0e s\u00e3o semelhantes: depois de perderem 6% do volume em 2022, um ano recorde, as geleiras derreteram mais 4% neste ano.<\/p>\n<p>Este \u00e9 o segundo maior decl\u00ednio desde o in\u00edcio das medi\u00e7\u00f5es, segundo o estudo.<\/p>\n<p>&#8220;\u00c9 uma combina\u00e7\u00e3o da p\u00e9ssima sucess\u00e3o de extremos clim\u00e1ticos e das mudan\u00e7as do clima&#8221;, explica Matthias Huss, que dirige a rede su\u00ed\u00e7a de pesquisa glaciol\u00f3gica (Glamos). Ele\u00a0disse ser urgente avan\u00e7ar com medidas para ajudar a preservar essas geleiras.<\/p>\n<p>&#8220;Temos visto mudan\u00e7as t\u00e3o fortes no clima nos \u00faltimos anos que \u00e9 perfeitamente poss\u00edvel imaginar esse pa\u00eds sem geleiras&#8221;, afirma\u00a0o cientista, acrescentando que \u00e9 necess\u00e1ria a\u00e7\u00e3o decisiva de &#8220;estabiliza\u00e7\u00e3o clim\u00e1tica&#8221;, reduzindo as emiss\u00f5es de di\u00f3xido de carbono (CO2) a zero o mais rapidamente poss\u00edvel&#8221;.<\/p>\n<p>O m\u00eas seco e muito quente de junho passado fez com que a neve derretesse duas a quatro semanas mais cedo do que o normal, condi\u00e7\u00f5es que impediram a regenera\u00e7\u00e3o das geleiras.<\/p>\n<p>De acordo com o Painel Intergovernamental sobre Mudan\u00e7as Clim\u00e1ticas (IPCC) publicado no ano passado, o derretimento do gelo e da neve \u00e9 uma das dez\u00a0principais amea\u00e7as do\u00a0aquecimento global.<\/p>\n<p>Outro estudo, publicado em janeiro na revista\u00a0<em>Science<\/em>, revela que metade das\u00a0geleiras\u00a0da Terra est\u00e1\u00a0condenada\u00a0a desaparecer at\u00e9 o fim\u00a0do s\u00e9culo se o aumento das temperaturas for limitado a 1,5.\u00b0C em compara\u00e7\u00e3o com o per\u00edodo pr\u00e9-industrial &#8211; o per\u00edodo mais ambicioso do acordo clim\u00e1tico de Paris.<\/p>\n<p>Fonte: Ag\u00eancia Brasil<\/p>\n","protected":false},"excerpt":{"rendered":"<p>Estudo da Academia Su\u00ed\u00e7a de Ci\u00eancias Naturais mostra que as geleiras\u00a0su\u00ed\u00e7as perderam 10% do seu volume em dois anos, ap\u00f3s o agravamento das condi\u00e7\u00f5es meteorol\u00f3gicas&#8230;<\/p>\n","protected":false},"author":1527,"featured_media":47672,"comment_status":"closed","ping_status":"closed","sticky":false,"template":"","format":"standard","meta":{"footnotes":""},"categories":[6],"tags":[],"class_list":["post-47671","post","type-post","status-publish","format-standard","has-post-thumbnail","hentry","category-noticias"],"_links":{"self":[{"href":"https:\/\/www.sincomam.org.br\/index.php\/wp-json\/wp\/v2\/posts\/47671","targetHints":{"allow":["GET"]}}],"collection":[{"href":"https:\/\/www.sincomam.org.br\/index.php\/wp-json\/wp\/v2\/posts"}],"about":[{"href":"https:\/\/www.sincomam.org.br\/index.php\/wp-json\/wp\/v2\/types\/post"}],"author":[{"embeddable":true,"href":"https:\/\/www.sincomam.org.br\/index.php\/wp-json\/wp\/v2\/users\/1527"}],"replies":[{"embeddable":true,"href":"https:\/\/www.sincomam.org.br\/index.php\/wp-json\/wp\/v2\/comments?post=47671"}],"version-history":[{"count":1,"href":"https:\/\/www.sincomam.org.br\/index.php\/wp-json\/wp\/v2\/posts\/47671\/revisions"}],"predecessor-version":[{"id":47673,"href":"https:\/\/www.sincomam.org.br\/index.php\/wp-json\/wp\/v2\/posts\/47671\/revisions\/47673"}],"wp:featuredmedia":[{"embeddable":true,"href":"https:\/\/www.sincomam.org.br\/index.php\/wp-json\/wp\/v2\/media\/47672"}],"wp:attachment":[{"href":"https:\/\/www.sincomam.org.br\/index.php\/wp-json\/wp\/v2\/media?parent=47671"}],"wp:term":[{"taxonomy":"category","embeddable":true,"href":"https:\/\/www.sincomam.org.br\/index.php\/wp-json\/wp\/v2\/categories?post=47671"},{"taxonomy":"post_tag","embeddable":true,"href":"https:\/\/www.sincomam.org.br\/index.php\/wp-json\/wp\/v2\/tags?post=47671"}],"curies":[{"name":"wp","href":"https:\/\/api.w.org\/{rel}","templated":true}]}}