{"id":47650,"date":"2023-09-27T09:24:24","date_gmt":"2023-09-27T12:24:24","guid":{"rendered":"http:\/\/www.sincomam.org.br\/?p=47650"},"modified":"2023-09-27T09:24:24","modified_gmt":"2023-09-27T12:24:24","slug":"governo-investe-em-dragagem-de-rios-no-amazonas-e-em-rondonia","status":"publish","type":"post","link":"https:\/\/www.sincomam.org.br\/index.php\/governo-investe-em-dragagem-de-rios-no-amazonas-e-em-rondonia\/","title":{"rendered":"Governo investe em dragagem de rios no Amazonas e em Rond\u00f4nia"},"content":{"rendered":"<p>Os minist\u00e9rios dos Transportes e de Portos e Aeroportos v\u00e3o destinar cerca de R$ 140 milh\u00f5es para dragagem nos rios Madeira e Solim\u00f5es. Ambos s\u00e3o importantes vias fluviais de escoamento de cargas e produtos da regi\u00e3o, inclusive a Zona Franca de Manaus, e de transporte de pessoas.<img decoding=\"async\" src=\"https:\/\/agenciabrasil.ebc.com.br\/ebc.png?id=1557791&amp;o=node\" \/><img decoding=\"async\" src=\"https:\/\/agenciabrasil.ebc.com.br\/ebc.gif?id=1557791&amp;o=node\" \/><\/p>\n<p>A dragagem de um rio consiste em remover sedimentos e res\u00edduos decantados no fundo, que reduzem sua profundidade e prejudicando a navegabilidade. Ao dragar um rio ou outro corpo d\u2019\u00e1gua, a profundidade \u00e9 ampliada, facilitando o tr\u00e2nsito de embarca\u00e7\u00f5es.<\/p>\n<p>Os ministros das duas pastas, Renan Filho (Transportes) e Silvio Costa Filho (Portos e Aeroportos) assinaram nesta ter\u00e7a-feira (26) a ordem de servi\u00e7o que autoriza a dragagem trecho de oito quil\u00f4metros do Rio Solim\u00f5es, entre Tabatinga e Benjamin Constant, no extremo Oeste do Amazonas.<\/p>\n<p>A inten\u00e7\u00e3o, segundo o governo, \u00e9 combater o risco de desabastecimento da popula\u00e7\u00e3o local e reduzir os impactos econ\u00f4micos da seca registrada nos estados do Amazonas e Rond\u00f4nia. \u201cN\u00e3o s\u00e3o os rios inteiros que est\u00e3o assoreados, impedindo a navega\u00e7\u00e3o. O que existe s\u00e3o pontos cr\u00edticos que precisam ser removidos para as embarca\u00e7\u00f5es passarem e garantir o escoamento da produ\u00e7\u00e3o e a chegada de insumos\u201d, afirmou Renan Filho.<\/p>\n<p>As obras est\u00e3o previstas para come\u00e7ar ainda nesta semana e devem durar 45 dias.<\/p>\n<p>Uma segunda ordem de servi\u00e7o ser\u00e1 assinada em at\u00e9 duas semanas, prevendo a autoriza\u00e7\u00e3o da dragagem de dois pontos cr\u00edticos de navega\u00e7\u00e3o no rio Madeira, na regi\u00e3o do Tabocal, pr\u00f3xima \u00e0 capital Manaus, e na foz do rio, em Itacoatiara. O recurso reservado para essa a\u00e7\u00e3o \u00e9 de cerca de R$ 100 milh\u00f5es.<\/p>\n<p>Fonte: Ag\u00eancia Brasil<\/p>\n","protected":false},"excerpt":{"rendered":"<p>Os minist\u00e9rios dos Transportes e de Portos e Aeroportos v\u00e3o destinar cerca de R$ 140 milh\u00f5es para dragagem nos rios Madeira e Solim\u00f5es. Ambos s\u00e3o&#8230;<\/p>\n","protected":false},"author":1527,"featured_media":47651,"comment_status":"closed","ping_status":"closed","sticky":false,"template":"","format":"standard","meta":{"footnotes":""},"categories":[6],"tags":[],"class_list":["post-47650","post","type-post","status-publish","format-standard","has-post-thumbnail","hentry","category-noticias"],"_links":{"self":[{"href":"https:\/\/www.sincomam.org.br\/index.php\/wp-json\/wp\/v2\/posts\/47650","targetHints":{"allow":["GET"]}}],"collection":[{"href":"https:\/\/www.sincomam.org.br\/index.php\/wp-json\/wp\/v2\/posts"}],"about":[{"href":"https:\/\/www.sincomam.org.br\/index.php\/wp-json\/wp\/v2\/types\/post"}],"author":[{"embeddable":true,"href":"https:\/\/www.sincomam.org.br\/index.php\/wp-json\/wp\/v2\/users\/1527"}],"replies":[{"embeddable":true,"href":"https:\/\/www.sincomam.org.br\/index.php\/wp-json\/wp\/v2\/comments?post=47650"}],"version-history":[{"count":1,"href":"https:\/\/www.sincomam.org.br\/index.php\/wp-json\/wp\/v2\/posts\/47650\/revisions"}],"predecessor-version":[{"id":47654,"href":"https:\/\/www.sincomam.org.br\/index.php\/wp-json\/wp\/v2\/posts\/47650\/revisions\/47654"}],"wp:featuredmedia":[{"embeddable":true,"href":"https:\/\/www.sincomam.org.br\/index.php\/wp-json\/wp\/v2\/media\/47651"}],"wp:attachment":[{"href":"https:\/\/www.sincomam.org.br\/index.php\/wp-json\/wp\/v2\/media?parent=47650"}],"wp:term":[{"taxonomy":"category","embeddable":true,"href":"https:\/\/www.sincomam.org.br\/index.php\/wp-json\/wp\/v2\/categories?post=47650"},{"taxonomy":"post_tag","embeddable":true,"href":"https:\/\/www.sincomam.org.br\/index.php\/wp-json\/wp\/v2\/tags?post=47650"}],"curies":[{"name":"wp","href":"https:\/\/api.w.org\/{rel}","templated":true}]}}