{"id":47643,"date":"2023-09-27T09:15:26","date_gmt":"2023-09-27T12:15:26","guid":{"rendered":"http:\/\/www.sincomam.org.br\/?p=47643"},"modified":"2023-09-27T09:15:26","modified_gmt":"2023-09-27T12:15:26","slug":"ministro-de-portos-e-aeroportos-cria-forum-permanente-sobre-pautas-do-porto-de-santos","status":"publish","type":"post","link":"https:\/\/www.sincomam.org.br\/index.php\/ministro-de-portos-e-aeroportos-cria-forum-permanente-sobre-pautas-do-porto-de-santos\/","title":{"rendered":"MINISTRO DE PORTOS E AEROPORTOS CRIA F\u00d3RUM PERMANENTE SOBRE PAUTAS DO PORTO DE SANTOS"},"content":{"rendered":"<p>O ministro de Portos e Aeroportos, Silvio Costa Filho, anunciou que estabelecer\u00e1 um cronograma de reuni\u00f5es para tratar dos temas priorit\u00e1rios para o Porto de Santos. O an\u00fancio se deu durante a visita que fez \u00e0 regi\u00e3o na quinta-feira (21\/9). Al\u00e9m de confirmar a perman\u00eancia de Anderson Pomini na Presid\u00eancia da Autoridade Portu\u00e1ria de Santos (APS), o ministro deixou claro que vai estar muito pr\u00f3ximo do maior porto do hemisf\u00e9rio sul; \u201cSer\u00e1 um F\u00f3rum Permanente das Pautas Priorit\u00e1rias do Porto de Santos. Vamos estabelecer um cronograma e manter um di\u00e1logo para agilizar as demandas do Porto de Santos\u201d, afirmou Silvio Costa Filho.<\/p>\n<p>O ministro cumpriu extensa visita, come\u00e7ando por um sobrevoo para conhecer todo o Porto de Santos, sempre acompanhado do presidente Anderson Pomini, da secret\u00e1ria nacional de Portos, Mariana Pescatori, e equipe da pasta. Foi recebido na Capitania dos Portos pelo Capit\u00e3o de Mar-e-Guerra, Robledo de Lemos Costa e S\u00e1. Depois, participou de entrevista coletiva na sede da APS, onde tamb\u00e9m se reuniu com representantes dos sindicatos de trabalhadores que atuam no Porto de Santos, fazendo quest\u00e3o de anotar todas as reivindica\u00e7\u00f5es das categorias.<\/p>\n<p>Na sequ\u00eancia, Costa Filho foi recebido na Prefeitura de Santos pelo prefeito Rog\u00e9rio Santos e pelos deputados federais Paulo Alexandre Barbosa, Carlos Alberto da Cunha, Jonas Donizette; pelos deputados estaduais Caio Fran\u00e7a, Solange Freitas e Paulo Corr\u00eaa, al\u00e9m de lideran\u00e7as do setor produtivo regional, da comunidade portu\u00e1ria, vereadores e secret\u00e1rios municipais, entre outras autoridades, onde recebeu os cumprimentos pela visita e pela manuten\u00e7\u00e3o de Anderson Pomini na dire\u00e7\u00e3o da APS.<\/p>\n<p>Da Prefeitura de Santos, Silvio Costa percorreu a p\u00e9 o primeiro trecho de cais do Porto de Santos, onde sete armaz\u00e9ns desativados ser\u00e3o recuperados e transformados no Parque Valongo, equipamento tur\u00edstico que contar\u00e1 com restaurantes, espa\u00e7os culturais, de lazer e de capacita\u00e7\u00e3o profissional.<\/p>\n<p>A comitiva navegou depois pelo canal do Porto at\u00e9 o Iate Clube de Santos, seguindo de carro \u00e0 Prefeitura de Guaruj\u00e1, onde o prefeito V\u00e1lter Sumam tratou de temas como as necess\u00e1rias obras da Perimetral da Margem Esquerda e da instala\u00e7\u00e3o do Aeroporto Metropolitano, que Silvio Costa Filho visitou a seguir e ficou animado com exposi\u00e7\u00e3o da Empresa Brasileira de Infraestrutura Aeroportu\u00e1ria (Infraero) sobre os trabalhos de abertura da pista da centen\u00e1ria Base A\u00e9rea para voos comerciais. De helic\u00f3ptero, o ministro se dirigiu a S\u00e3o Paulo.<\/p>\n<p><strong>Documentos<\/strong>\u00a0\u2013 Durante a visita o ministro assinou compromissos sobre a realiza\u00e7\u00e3o de investimentos para a segunda fase da Avenida Perimetral da Margem Esquerda, em Guaruj\u00e1; da constru\u00e7\u00e3o de mais quatro ber\u00e7os no cais da Alemoa e da realiza\u00e7\u00e3o de estudos para expans\u00e3o da Poligonal do Porto, com a inclus\u00e3o de \u00e1rea de 400 mil metros quadrados tamb\u00e9m na regi\u00e3o da Alemoa.<\/p>\n","protected":false},"excerpt":{"rendered":"<p>O ministro de Portos e Aeroportos, Silvio Costa Filho, anunciou que estabelecer\u00e1 um cronograma de reuni\u00f5es para tratar dos temas priorit\u00e1rios para o Porto de&#8230;<\/p>\n","protected":false},"author":1527,"featured_media":47644,"comment_status":"closed","ping_status":"closed","sticky":false,"template":"","format":"standard","meta":{"footnotes":""},"categories":[6],"tags":[],"class_list":["post-47643","post","type-post","status-publish","format-standard","has-post-thumbnail","hentry","category-noticias"],"_links":{"self":[{"href":"https:\/\/www.sincomam.org.br\/index.php\/wp-json\/wp\/v2\/posts\/47643","targetHints":{"allow":["GET"]}}],"collection":[{"href":"https:\/\/www.sincomam.org.br\/index.php\/wp-json\/wp\/v2\/posts"}],"about":[{"href":"https:\/\/www.sincomam.org.br\/index.php\/wp-json\/wp\/v2\/types\/post"}],"author":[{"embeddable":true,"href":"https:\/\/www.sincomam.org.br\/index.php\/wp-json\/wp\/v2\/users\/1527"}],"replies":[{"embeddable":true,"href":"https:\/\/www.sincomam.org.br\/index.php\/wp-json\/wp\/v2\/comments?post=47643"}],"version-history":[{"count":1,"href":"https:\/\/www.sincomam.org.br\/index.php\/wp-json\/wp\/v2\/posts\/47643\/revisions"}],"predecessor-version":[{"id":47645,"href":"https:\/\/www.sincomam.org.br\/index.php\/wp-json\/wp\/v2\/posts\/47643\/revisions\/47645"}],"wp:featuredmedia":[{"embeddable":true,"href":"https:\/\/www.sincomam.org.br\/index.php\/wp-json\/wp\/v2\/media\/47644"}],"wp:attachment":[{"href":"https:\/\/www.sincomam.org.br\/index.php\/wp-json\/wp\/v2\/media?parent=47643"}],"wp:term":[{"taxonomy":"category","embeddable":true,"href":"https:\/\/www.sincomam.org.br\/index.php\/wp-json\/wp\/v2\/categories?post=47643"},{"taxonomy":"post_tag","embeddable":true,"href":"https:\/\/www.sincomam.org.br\/index.php\/wp-json\/wp\/v2\/tags?post=47643"}],"curies":[{"name":"wp","href":"https:\/\/api.w.org\/{rel}","templated":true}]}}