{"id":47640,"date":"2023-09-27T09:14:09","date_gmt":"2023-09-27T12:14:09","guid":{"rendered":"http:\/\/www.sincomam.org.br\/?p=47640"},"modified":"2023-09-27T09:14:09","modified_gmt":"2023-09-27T12:14:09","slug":"atencao-litoral-sul-e-sudeste-prepare-se-para-fortes-ventos-e-ondas-grandes","status":"publish","type":"post","link":"https:\/\/www.sincomam.org.br\/index.php\/atencao-litoral-sul-e-sudeste-prepare-se-para-fortes-ventos-e-ondas-grandes\/","title":{"rendered":"Aten\u00e7\u00e3o, Litoral Sul e Sudeste: Prepare-se para Fortes Ventos e Ondas Grandes"},"content":{"rendered":"<p>A\u00a0Marinha do Brasil\u00a0fez um an\u00fancio importante nesta ter\u00e7a-feira (26) que todos precisam ficar em alerta: uma frente fria est\u00e1 a caminho das regi\u00f5es Sul e Sudeste do pa\u00eds. E n\u00e3o \u00e9 qualquer frente fria. Esta promete trazer consigo ventos fortes e ondas que podem chegar a impressionantes tr\u00eas metros de altura. Se voc\u00ea mora ou planeja visitar o litoral dessas regi\u00f5es nos pr\u00f3ximos dias, \u00e9 bom ficar atento e se preparar.<\/p>\n<p><strong>Regi\u00f5es mais afetadas<\/strong><\/p>\n<p>Os estados do\u00a0Rio Grande do Sul\u00a0e\u00a0Santa Catarina\u00a0ser\u00e3o os primeiros a sentir os efeitos desta frente fria. Entre as cidades de Chu\u00ed e Garopaba, os ventos podem alcan\u00e7ar at\u00e9 75 km\/h. J\u00e1 entre Mostardas e Laguna, a ressaca promete ser forte, com ondas que podem chegar a tr\u00eas metros at\u00e9 a noite de quarta-feira (27). Mas n\u00e3o para por a\u00ed. O litoral entre Laguna e Paranagu\u00e1, no Paran\u00e1, tamb\u00e9m sentir\u00e1 ventos de at\u00e9 61 km\/h entre quarta (27) e quinta-feira (28). E para quem est\u00e1 entre Laguna (SC) e Santos (SP), prepare-se para ondas de at\u00e9 tr\u00eas metros na tarde de quarta (27) at\u00e9 a manh\u00e3 de quinta (28). Por fim, entre Santos (SP) e Arraial do Cabo (RJ), a ressaca com ondas de at\u00e9 tr\u00eas metros ser\u00e1 sentida da tarde de quinta-feira (28) at\u00e9 a manh\u00e3 de sexta-feira (29).<\/p>\n<div class=\"td-a-rec td-a-rec-id-content_inline td_uid_2_65140bcf62bd3_rand td_block_template_11\">\n<p><strong>Fique por dentro e se proteja<\/strong><\/p>\n<\/div>\n<p>A Marinha n\u00e3o s\u00f3 alerta como tamb\u00e9m oferece ferramentas para que todos possam acompanhar a situa\u00e7\u00e3o em tempo real. O\u00a0Servi\u00e7o Meteorol\u00f3gico Marinho\u00a0trabalha dia e noite, coletando dados e fornecendo previs\u00f5es e avisos para todos que vivem ou trabalham no mar. E se voc\u00ea quer saber mais sobre esses avisos, pode conferir diretamente no site do Centro de Hidrografia da Marinha. Al\u00e9m disso, h\u00e1 aplicativos como o \u201cPrevis\u00e3o Ambiental Marinha (PAM)\u201d e \u201cBoletim ao Mar\u201d, criados em parceria com a Petrobras e o Instituto Rumo ao Mar (RUMAR). Ambos est\u00e3o dispon\u00edveis para Android e iOS. Se voc\u00ea \u00e9 pescador, pratica esportes aqu\u00e1ticos ou simplesmente gosta de passear \u00e0 beira-mar, n\u00e3o deixe de consultar essas informa\u00e7\u00f5es.<\/p>\n<p><strong>Um pedido da Marinha<\/strong><\/p>\n<p>A seguran\u00e7a vem sempre em primeiro lugar. Por isso, a Marinha faz um apelo: antes de se aventurar no mar nos pr\u00f3ximos dias, consulte as informa\u00e7\u00f5es e avisos dispon\u00edveis. E n\u00e3o s\u00f3 isso, compartilhe com amigos, familiares e conhecidos. Quanto mais pessoas informadas, mais pessoas seguras.<\/p>\n<p>Fonte: Defesa em Foco<\/p>\n","protected":false},"excerpt":{"rendered":"<p>A\u00a0Marinha do Brasil\u00a0fez um an\u00fancio importante nesta ter\u00e7a-feira (26) que todos precisam ficar em alerta: uma frente fria est\u00e1 a caminho das regi\u00f5es Sul e&#8230;<\/p>\n","protected":false},"author":1527,"featured_media":47641,"comment_status":"closed","ping_status":"closed","sticky":false,"template":"","format":"standard","meta":{"footnotes":""},"categories":[6],"tags":[],"class_list":["post-47640","post","type-post","status-publish","format-standard","has-post-thumbnail","hentry","category-noticias"],"_links":{"self":[{"href":"https:\/\/www.sincomam.org.br\/index.php\/wp-json\/wp\/v2\/posts\/47640","targetHints":{"allow":["GET"]}}],"collection":[{"href":"https:\/\/www.sincomam.org.br\/index.php\/wp-json\/wp\/v2\/posts"}],"about":[{"href":"https:\/\/www.sincomam.org.br\/index.php\/wp-json\/wp\/v2\/types\/post"}],"author":[{"embeddable":true,"href":"https:\/\/www.sincomam.org.br\/index.php\/wp-json\/wp\/v2\/users\/1527"}],"replies":[{"embeddable":true,"href":"https:\/\/www.sincomam.org.br\/index.php\/wp-json\/wp\/v2\/comments?post=47640"}],"version-history":[{"count":1,"href":"https:\/\/www.sincomam.org.br\/index.php\/wp-json\/wp\/v2\/posts\/47640\/revisions"}],"predecessor-version":[{"id":47642,"href":"https:\/\/www.sincomam.org.br\/index.php\/wp-json\/wp\/v2\/posts\/47640\/revisions\/47642"}],"wp:featuredmedia":[{"embeddable":true,"href":"https:\/\/www.sincomam.org.br\/index.php\/wp-json\/wp\/v2\/media\/47641"}],"wp:attachment":[{"href":"https:\/\/www.sincomam.org.br\/index.php\/wp-json\/wp\/v2\/media?parent=47640"}],"wp:term":[{"taxonomy":"category","embeddable":true,"href":"https:\/\/www.sincomam.org.br\/index.php\/wp-json\/wp\/v2\/categories?post=47640"},{"taxonomy":"post_tag","embeddable":true,"href":"https:\/\/www.sincomam.org.br\/index.php\/wp-json\/wp\/v2\/tags?post=47640"}],"curies":[{"name":"wp","href":"https:\/\/api.w.org\/{rel}","templated":true}]}}