{"id":4763,"date":"2014-04-08T09:01:43","date_gmt":"2014-04-08T12:01:43","guid":{"rendered":"http:\/\/www.sincomam.org.br\/?p=4763"},"modified":"2014-04-08T09:01:43","modified_gmt":"2014-04-08T12:01:43","slug":"ogpar-anuncia-que-esta-na-iminencia-de-acordo-sobre-tubarao-azul","status":"publish","type":"post","link":"https:\/\/www.sincomam.org.br\/index.php\/ogpar-anuncia-que-esta-na-iminencia-de-acordo-sobre-tubarao-azul\/","title":{"rendered":"OGpar anuncia que est\u00e1 na &#8216;imin\u00eancia&#8217; de acordo sobre Tubar\u00e3o Azul"},"content":{"rendered":"<p>A OGpar &#8211; \u00d3leo e G\u00e1s Participa\u00e7\u00f5es, empresa de petr\u00f3leo de Eike Batista em recupera\u00e7\u00e3o judicial, informou nesta segunda-feira que est\u00e1 perto de assinar um acordo com a OSX para a retomada da produ\u00e7\u00e3o comercial no campo de Tubar\u00e3o Azul, que atualmente est\u00e1 em fase de testes.<\/p>\n<p>&#8220;A OGpar est\u00e1 em imin\u00eancia da assinatura do acordo com a OSX&#8221;, disse a empresa no in\u00edcio da noite, por meio de sua assessoria de imprensa.<\/p>\n<p>A petroleira n\u00e3o deu mais detalhes sobre o acordo que est\u00e1 prestes a ser conclu\u00eddo com a OSX, companhia de constru\u00e7\u00e3o naval do grupo do empres\u00e1rio, tamb\u00e9m em recupera\u00e7\u00e3o judicial, que det\u00e9m a plataforma que atua na \u00e1rea da Bacia de Campos.<\/p>\n<p>A afirma\u00e7\u00e3o foi feita ap\u00f3s a companhia anunciar, mais cedo, em comunicado ao mercado, a renova\u00e7\u00e3o do prazo para testes no campo de Tubar\u00e3o Azul, em acordo com a OSX que j\u00e1 foi renovado v\u00e1rias vezes desde que foi anunciado em 3 de fevereiro.<\/p>\n<p>Segundo comunicado das companhias, o per\u00edodo de testes com uso da plataforma FPSO OSX-1 continuar\u00e1 agora at\u00e9 11 de abril de 2014.<\/p>\n<p>Na nota divulgada mais cedo, as empresas informaram que a retomada de produ\u00e7\u00e3o comercial no campo de Tubar\u00e3o Azul ainda est\u00e1 sujeita a determinadas condi\u00e7\u00f5es operacionais e financeiras entre todas as partes envolvidas. A empresa tem feito esta mesma afirma\u00e7\u00e3o em todos os comunicados de renova\u00e7\u00e3o do prazo para testes.<\/p>\n<p>&#8220;A companhia permanece no processo de negocia\u00e7\u00e3o de acordos e de buscar consentimentos que permitam a retomada da produ\u00e7\u00e3o no campo&#8230;&#8221;, disse a petroleira em nota pela manh\u00e3.<\/p>\n<p>Embora em testes, a produ\u00e7\u00e3o de Tubar\u00e3o Azul contribuiu para evitar uma queda ainda maior na extra\u00e7\u00e3o da companhia em fevereiro.<\/p>\n<p>A produ\u00e7\u00e3o em Tubar\u00e3o Azul somou 105.513 barris de petr\u00f3leo em fevereiro (3.768 barris\/dia).<\/p>\n<p>A produ\u00e7\u00e3o do Campo de Tubar\u00e3o Azul, no ano de 2013, foi de 1,6 milh\u00e3o de barris de petr\u00f3leo, com m\u00e9dia de 4,3 mil barris por dia, refletindo um decr\u00e9scimo relevante em rela\u00e7\u00e3o ao ano anterior (m\u00e9dia de 9,9 mil bpd) devido aos problemas operacionais derivados das bombas centr\u00edfugas submersas, que ocorreram desde mar\u00e7o de 2013 causando o fechamento dos po\u00e7os por v\u00e1rios meses.<\/p>\n<p>Os problemas em Tubar\u00e3o Azul, na \u00e9poca a grande aposta da ex-OGX, acentuaram as preocupa\u00e7\u00f5es em rela\u00e7\u00e3o \u00e0s finan\u00e7as da companhia de Eike Batista, que culminaram com o pedido de recupera\u00e7\u00e3o judicial, o maior processo do g\u00eanero da Am\u00e9rica Latina.<\/p>\n<p>No relat\u00f3rio de divulga\u00e7\u00e3o de resultados, a \u00d3leo e G\u00e1s afirmou em 28 de mar\u00e7o que o &#8220;campo poder\u00e1 cessar a produ\u00e7\u00e3o ainda no ano de 2014&#8221;.<\/p>\n<p>A ex-OGX entrou em processo de recupera\u00e7\u00e3o judicial em outubro do ano passado. O plano de recupera\u00e7\u00e3o apresentado pela empresa prev\u00ea a redu\u00e7\u00e3o substancial da participa\u00e7\u00e3o de Eike Batista no seu capital.<\/p>\n<p>(Fonte: Reuters\/Por Roberto Samora; Edi\u00e7\u00e3o de Raquel Stenzel)<\/p>\n","protected":false},"excerpt":{"rendered":"<p>A OGpar &#8211; \u00d3leo e G\u00e1s Participa\u00e7\u00f5es, empresa de petr\u00f3leo de Eike Batista em recupera\u00e7\u00e3o judicial, informou nesta segunda-feira que est\u00e1 perto de assinar um&#8230;<\/p>\n","protected":false},"author":1182,"featured_media":0,"comment_status":"closed","ping_status":"closed","sticky":false,"template":"","format":"standard","meta":{"footnotes":""},"categories":[6],"tags":[],"class_list":["post-4763","post","type-post","status-publish","format-standard","hentry","category-noticias"],"_links":{"self":[{"href":"https:\/\/www.sincomam.org.br\/index.php\/wp-json\/wp\/v2\/posts\/4763","targetHints":{"allow":["GET"]}}],"collection":[{"href":"https:\/\/www.sincomam.org.br\/index.php\/wp-json\/wp\/v2\/posts"}],"about":[{"href":"https:\/\/www.sincomam.org.br\/index.php\/wp-json\/wp\/v2\/types\/post"}],"author":[{"embeddable":true,"href":"https:\/\/www.sincomam.org.br\/index.php\/wp-json\/wp\/v2\/users\/1182"}],"replies":[{"embeddable":true,"href":"https:\/\/www.sincomam.org.br\/index.php\/wp-json\/wp\/v2\/comments?post=4763"}],"version-history":[{"count":1,"href":"https:\/\/www.sincomam.org.br\/index.php\/wp-json\/wp\/v2\/posts\/4763\/revisions"}],"predecessor-version":[{"id":4764,"href":"https:\/\/www.sincomam.org.br\/index.php\/wp-json\/wp\/v2\/posts\/4763\/revisions\/4764"}],"wp:attachment":[{"href":"https:\/\/www.sincomam.org.br\/index.php\/wp-json\/wp\/v2\/media?parent=4763"}],"wp:term":[{"taxonomy":"category","embeddable":true,"href":"https:\/\/www.sincomam.org.br\/index.php\/wp-json\/wp\/v2\/categories?post=4763"},{"taxonomy":"post_tag","embeddable":true,"href":"https:\/\/www.sincomam.org.br\/index.php\/wp-json\/wp\/v2\/tags?post=4763"}],"curies":[{"name":"wp","href":"https:\/\/api.w.org\/{rel}","templated":true}]}}