{"id":47616,"date":"2023-09-26T08:24:21","date_gmt":"2023-09-26T11:24:21","guid":{"rendered":"http:\/\/www.sincomam.org.br\/?p=47616"},"modified":"2023-09-26T08:24:21","modified_gmt":"2023-09-26T11:24:21","slug":"mpor-e-justica-discutem-criacao-de-plano-nacional-de-seguranca-para-portos-e-aeroportos","status":"publish","type":"post","link":"https:\/\/www.sincomam.org.br\/index.php\/mpor-e-justica-discutem-criacao-de-plano-nacional-de-seguranca-para-portos-e-aeroportos\/","title":{"rendered":"MPor e Justi\u00e7a discutem cria\u00e7\u00e3o de plano nacional de seguran\u00e7a para portos e aeroportos"},"content":{"rendered":"<p>Os portos e aeroportos brasileiros ter\u00e3o os sistemas de seguran\u00e7a refor\u00e7ados pelo novo Governo Federal. Em reuni\u00e3o nesta segunda-feira (25), os ministro de Portos e Aeroportos, Silvio Costa Filho, e da Justi\u00e7a e Seguran\u00e7a P\u00fablica, Fl\u00e1vio Dino, come\u00e7aram a debater a cria\u00e7\u00e3o e execu\u00e7\u00e3o de um plano nacional de seguran\u00e7a nos aer\u00f3dromos e unidades portu\u00e1rias em todo o Brasil.<\/p>\n<p>O intuito \u00e9 intensificar o combate ao tr\u00e1fico e inibir outras pr\u00e1ticas il\u00edcitas. Foram designados representantes dos dois minist\u00e9rios para construir o esbo\u00e7o do plano, que deve ser apresentado at\u00e9 a pr\u00f3xima quinta-feira, dia 5.<\/p>\n<div id=\"beacon_a32869e7b5\"><\/div>\n<p>\u201cIniciamos o di\u00e1logo para que de maneira coletiva com a Pol\u00edcia Federal e outros agentes institucionais possamos construir um novo plano para combater o tr\u00e1fico de drogas e tamb\u00e9m o tr\u00e1fico de armas que est\u00e1 aumentando a criminalidade\u201d, disse Costa Filho.<\/p>\n<p>Para o ministro Fl\u00e1vio Dino, o drama da viol\u00eancia nas cidades que o Brasil vive h\u00e1 anos est\u00e1 diretamente ligado ao que se passa em portos e aeroportos no Brasil. \u201cVamos focar na expans\u00e3o dessa a\u00e7\u00e3o conjunta envolvendo Marinha, Receita Federal e todas as demais ag\u00eancias. Em breve vamos fazer o an\u00fancio dos passos concretos que vamos dar em rela\u00e7\u00e3o aos portos e aeroportos brasileiros\u201d, disse.<\/p>\n<p>Em junho, o novo Governo Federal lan\u00e7ou o programa \u201cAeroportos+Seguros\u201d, para aumentar a prote\u00e7\u00e3o de passageiros e bagagens nos principais terminais aeroportu\u00e1rios brasileiros. O programa come\u00e7ou a ser implementado no Aeroporto Internacional de Guarulhos, com um investimento inicial do MPor de R$ 40 milh\u00f5es.<\/p>\n<p>Entre as medidas da primeira etapa da iniciativa, est\u00e3o o aumento do n\u00famero de c\u00e2meras de seguran\u00e7a, identifica\u00e7\u00e3o com chave de acesso individualizada aos sistema de bagagens no Terminal 3 (internacional), restri\u00e7\u00e3o ao acesso de celulares e tablets em locais estrat\u00e9gicos e entrada centralizada ao terminal de cargas, al\u00e9m de acesso biom\u00e9trico de funcion\u00e1rios \u00e0s \u00e1reas restritas.<\/p>\n<p>Outras a\u00e7\u00f5es est\u00e3o previstas ao longo dos pr\u00f3ximos 18 meses do programa, como um sistema de detec\u00e7\u00e3o automatizada de explosivos e melhorias no sistema de transporte de bagagem.<\/p>\n<p><strong>Recursos<\/strong><\/p>\n<p>Os ministros tamb\u00e9m discutiram o uso de fundos de seguran\u00e7a para a implanta\u00e7\u00e3o de VTMIS nos portos que ainda n\u00e3o contam com a tecnologia. Trata-se de um sistema de aux\u00edlio eletr\u00f4nico \u00e0 navega\u00e7\u00e3o, com capacidade para prover a monitora\u00e7\u00e3o ativa do tr\u00e1fego aquavi\u00e1rio.<\/p>\n<p>Atualmente, apenas dois portos no pa\u00eds t\u00eam sistemas de VTMIS e VTS em funcionamento, credenciados pela Marinha: o Porto de Vit\u00f3ria (ES) e o Porto do A\u00e7u (RJ).<\/p>\n<p>Fonte: Portos e Navios<\/p>\n","protected":false},"excerpt":{"rendered":"<p>Os portos e aeroportos brasileiros ter\u00e3o os sistemas de seguran\u00e7a refor\u00e7ados pelo novo Governo Federal. Em reuni\u00e3o nesta segunda-feira (25), os ministro de Portos e&#8230;<\/p>\n","protected":false},"author":1527,"featured_media":47617,"comment_status":"closed","ping_status":"closed","sticky":false,"template":"","format":"standard","meta":{"footnotes":""},"categories":[6],"tags":[],"class_list":["post-47616","post","type-post","status-publish","format-standard","has-post-thumbnail","hentry","category-noticias"],"_links":{"self":[{"href":"https:\/\/www.sincomam.org.br\/index.php\/wp-json\/wp\/v2\/posts\/47616","targetHints":{"allow":["GET"]}}],"collection":[{"href":"https:\/\/www.sincomam.org.br\/index.php\/wp-json\/wp\/v2\/posts"}],"about":[{"href":"https:\/\/www.sincomam.org.br\/index.php\/wp-json\/wp\/v2\/types\/post"}],"author":[{"embeddable":true,"href":"https:\/\/www.sincomam.org.br\/index.php\/wp-json\/wp\/v2\/users\/1527"}],"replies":[{"embeddable":true,"href":"https:\/\/www.sincomam.org.br\/index.php\/wp-json\/wp\/v2\/comments?post=47616"}],"version-history":[{"count":1,"href":"https:\/\/www.sincomam.org.br\/index.php\/wp-json\/wp\/v2\/posts\/47616\/revisions"}],"predecessor-version":[{"id":47618,"href":"https:\/\/www.sincomam.org.br\/index.php\/wp-json\/wp\/v2\/posts\/47616\/revisions\/47618"}],"wp:featuredmedia":[{"embeddable":true,"href":"https:\/\/www.sincomam.org.br\/index.php\/wp-json\/wp\/v2\/media\/47617"}],"wp:attachment":[{"href":"https:\/\/www.sincomam.org.br\/index.php\/wp-json\/wp\/v2\/media?parent=47616"}],"wp:term":[{"taxonomy":"category","embeddable":true,"href":"https:\/\/www.sincomam.org.br\/index.php\/wp-json\/wp\/v2\/categories?post=47616"},{"taxonomy":"post_tag","embeddable":true,"href":"https:\/\/www.sincomam.org.br\/index.php\/wp-json\/wp\/v2\/tags?post=47616"}],"curies":[{"name":"wp","href":"https:\/\/api.w.org\/{rel}","templated":true}]}}