{"id":47609,"date":"2023-09-25T08:23:18","date_gmt":"2023-09-25T11:23:18","guid":{"rendered":"http:\/\/www.sincomam.org.br\/?p=47609"},"modified":"2023-09-25T08:23:18","modified_gmt":"2023-09-25T11:23:18","slug":"moraes-manda-prender-empresario-envolvido-em-atos-golpistas","status":"publish","type":"post","link":"https:\/\/www.sincomam.org.br\/index.php\/moraes-manda-prender-empresario-envolvido-em-atos-golpistas\/","title":{"rendered":"Moraes manda prender empres\u00e1rio envolvido em atos golpistas"},"content":{"rendered":"<p>O ministro do Supremo Tribunal Federal (STF), Alexandre de Moraes, determinou novamente a pris\u00e3o do empres\u00e1rio Marcos Soares Moreira, r\u00e9u no processo que apura os atos golpistas do dia 8 de janeiro de 2023. Na decis\u00e3o, o magistrado disse que Soares descumpriu medidas cautelares determinadas anteriormente, como n\u00e3o utilizar redes sociais, o que levou o ministro a determinar sua pris\u00e3o preventiva.<img decoding=\"async\" src=\"https:\/\/agenciabrasil.ebc.com.br\/ebc.png?id=1557198&amp;o=node\" \/><img decoding=\"async\" src=\"https:\/\/agenciabrasil.ebc.com.br\/ebc.gif?id=1557198&amp;o=node\" \/><\/p>\n<p>\u201cMesmo ciente dessa proibi\u00e7\u00e3o e demonstrando total desprezo pela Justi\u00e7a, o denunciado publicou dois v\u00eddeos na rede social TikTok, nos quais ataca esta Corte e profere diversas ofensas \u00e0 honra dos Ministros que a integram\u201d, disse Alexandre de Moraes.<\/p>\n<h2>Convoca\u00e7\u00e3o<\/h2>\n<p>Em uma das publica\u00e7\u00f5es, Moreira convoca manifestantes para &#8211; no dia 12 de outubro de 2023 &#8211; irem \u00e0s ruas \u201ccontra essa pauta absurda que esta justi\u00e7a est\u00e1 colocando para ser votada para liberar o assassinato e o homic\u00eddio de beb\u00eas.\u201d<\/p>\n<p>Um dos presos pelos atos golpistas de 8 de janeiro, Moreira teve a pris\u00e3o revogada por determina\u00e7\u00e3o do ministro no dia 3 de maio. Moraes disse, ainda, que a possibilidade de restabelecimento da ordem de pris\u00e3o foi expressamente estabelecida na decis\u00e3o que substituiu a deten\u00e7\u00e3o por medidas cautelares diversas.<\/p>\n<p>\u201cNesse contexto, a not\u00edcia de que o acusado descumpriu a medida cautelar a ele imposta por ocasi\u00e3o da concess\u00e3o de liberdade provis\u00f3ria constitui motivo suficiente para a decreta\u00e7\u00e3o da pris\u00e3o, nos termos do C\u00f3digo de Processo Penal\u201d, determinou.<\/p>\n<p>Fonte: Ag\u00eancia Brasil<\/p>\n","protected":false},"excerpt":{"rendered":"<p>O ministro do Supremo Tribunal Federal (STF), Alexandre de Moraes, determinou novamente a pris\u00e3o do empres\u00e1rio Marcos Soares Moreira, r\u00e9u no processo que apura os&#8230;<\/p>\n","protected":false},"author":1527,"featured_media":47610,"comment_status":"closed","ping_status":"closed","sticky":false,"template":"","format":"standard","meta":{"footnotes":""},"categories":[6],"tags":[],"class_list":["post-47609","post","type-post","status-publish","format-standard","has-post-thumbnail","hentry","category-noticias"],"_links":{"self":[{"href":"https:\/\/www.sincomam.org.br\/index.php\/wp-json\/wp\/v2\/posts\/47609","targetHints":{"allow":["GET"]}}],"collection":[{"href":"https:\/\/www.sincomam.org.br\/index.php\/wp-json\/wp\/v2\/posts"}],"about":[{"href":"https:\/\/www.sincomam.org.br\/index.php\/wp-json\/wp\/v2\/types\/post"}],"author":[{"embeddable":true,"href":"https:\/\/www.sincomam.org.br\/index.php\/wp-json\/wp\/v2\/users\/1527"}],"replies":[{"embeddable":true,"href":"https:\/\/www.sincomam.org.br\/index.php\/wp-json\/wp\/v2\/comments?post=47609"}],"version-history":[{"count":1,"href":"https:\/\/www.sincomam.org.br\/index.php\/wp-json\/wp\/v2\/posts\/47609\/revisions"}],"predecessor-version":[{"id":47611,"href":"https:\/\/www.sincomam.org.br\/index.php\/wp-json\/wp\/v2\/posts\/47609\/revisions\/47611"}],"wp:featuredmedia":[{"embeddable":true,"href":"https:\/\/www.sincomam.org.br\/index.php\/wp-json\/wp\/v2\/media\/47610"}],"wp:attachment":[{"href":"https:\/\/www.sincomam.org.br\/index.php\/wp-json\/wp\/v2\/media?parent=47609"}],"wp:term":[{"taxonomy":"category","embeddable":true,"href":"https:\/\/www.sincomam.org.br\/index.php\/wp-json\/wp\/v2\/categories?post=47609"},{"taxonomy":"post_tag","embeddable":true,"href":"https:\/\/www.sincomam.org.br\/index.php\/wp-json\/wp\/v2\/tags?post=47609"}],"curies":[{"name":"wp","href":"https:\/\/api.w.org\/{rel}","templated":true}]}}