{"id":47592,"date":"2023-09-25T08:06:44","date_gmt":"2023-09-25T11:06:44","guid":{"rendered":"http:\/\/www.sincomam.org.br\/?p=47592"},"modified":"2023-09-25T08:08:40","modified_gmt":"2023-09-25T11:08:40","slug":"petrobras-adota-politica-de-diversidade-equidade-e-inclusao","status":"publish","type":"post","link":"https:\/\/www.sincomam.org.br\/index.php\/petrobras-adota-politica-de-diversidade-equidade-e-inclusao\/","title":{"rendered":"Petrobras adota pol\u00edtica de diversidade, equidade e inclus\u00e3o"},"content":{"rendered":"<p>O Conselho de Administra\u00e7\u00e3o da Petrobras aprovou na quinta-feira (21) Pol\u00edtica de Diversidade, Equidade e Inclus\u00e3o da companhis. O documento traz um conjunto de princ\u00edpios e diretrizes que devem apoiar e direcionar o processo decis\u00f3rio e guiar comportamentos em todo o sistema Petrobras.<\/p>\n<p>Entre os avan\u00e7os previstos est\u00e1 a realiza\u00e7\u00e3o de a\u00e7\u00f5es afirmativas voltadas para grupos sub-representados e o estabelecimento de metas e indicadores. H\u00e1 previs\u00e3o de considerar a pauta da diversidade junto a fornecedores e demais organiza\u00e7\u00f5es que lidam com a Petrobras.<\/p>\n<p>A Pol\u00edtica trata tamb\u00e9m da cria\u00e7\u00e3o de comit\u00eas e grupos de afinidade; a promo\u00e7\u00e3o da acessibilidade; o combate de forma veemente e eficaz \u00e0 discrimina\u00e7\u00e3o e ao ass\u00e9dio; a\u00e7\u00f5es de dissemina\u00e7\u00e3o e educa\u00e7\u00e3o, entre outros pontos.<\/p>\n<div id=\"beacon_5f6a02b195\"><\/div>\n<p>\u201cO momento \u00e9 considerado hist\u00f3rico para o Sistema Petrobras, que d\u00e1 mais um passo para se tornar refer\u00eancia nesses temas. A aprova\u00e7\u00e3o dessa pol\u00edtica ratifica a nossa busca incessante por um ambiente diverso, inclusivo e seguro para todas as pessoas\u201d, disse o presidente da companhia, Jean Paul Prates.<\/p>\n<p>A nova pol\u00edtica d\u00e1 respaldo institucional e fortalece a\u00e7\u00f5es pr\u00e1ticas, muitas delas j\u00e1 em curso. At\u00e9 o fim deste ano, a empresa abrir\u00e1 p\u00fablico com 458 vagas de n\u00edvel t\u00e9cnico. 20% delas ser\u00e3o reservadas a pessoas com defici\u00eancia (PCD), acima do m\u00ednimo dos 5% determinados pela legisla\u00e7\u00e3o. Tamb\u00e9m haver\u00e1 reserva de 20% das vagas para pessoas negras, conforme requisito legal.<\/p>\n<p>Ao longo dos \u00faltimos 12 meses, a Petrobras contratou mais de 100 pessoas com defici\u00eancia. Em abril, a Diretoria Executiva aprovou um projeto piloto de teletrabalho integral para pessoas com defici\u00eancia, que permite um melhor equacionamento das demandas profissionais e de sa\u00fade destes trabalhadores.<\/p>\n<p>Entre as iniciativas voltadas para grupos sub-representados, destacam-se o Plano de Equidade de G\u00eanero, incluindo um Programa de Mentoria para Lideran\u00e7a Feminina.<\/p>\n<p>Recentemente foi realizado um grupo de trabalho sobre Equidade Racial, cujos estudos balizar\u00e3o as pr\u00f3ximas a\u00e7\u00f5es voltadas para pessoas pretas e pardas. H\u00e1 tamb\u00e9m todo um trabalho voltado para o grupo LGBTQIA+, com nome social e celebra\u00e7\u00e3o de datas importantes, entre outras a\u00e7\u00f5es.<\/p>\n<p>Fonte: Portos e Navios<\/p>\n","protected":false},"excerpt":{"rendered":"<p>O Conselho de Administra\u00e7\u00e3o da Petrobras aprovou na quinta-feira (21) Pol\u00edtica de Diversidade, Equidade e Inclus\u00e3o da companhis. O documento traz um conjunto de princ\u00edpios&#8230;<\/p>\n","protected":false},"author":1527,"featured_media":46867,"comment_status":"closed","ping_status":"closed","sticky":false,"template":"","format":"standard","meta":{"footnotes":""},"categories":[6],"tags":[],"class_list":["post-47592","post","type-post","status-publish","format-standard","has-post-thumbnail","hentry","category-noticias"],"_links":{"self":[{"href":"https:\/\/www.sincomam.org.br\/index.php\/wp-json\/wp\/v2\/posts\/47592","targetHints":{"allow":["GET"]}}],"collection":[{"href":"https:\/\/www.sincomam.org.br\/index.php\/wp-json\/wp\/v2\/posts"}],"about":[{"href":"https:\/\/www.sincomam.org.br\/index.php\/wp-json\/wp\/v2\/types\/post"}],"author":[{"embeddable":true,"href":"https:\/\/www.sincomam.org.br\/index.php\/wp-json\/wp\/v2\/users\/1527"}],"replies":[{"embeddable":true,"href":"https:\/\/www.sincomam.org.br\/index.php\/wp-json\/wp\/v2\/comments?post=47592"}],"version-history":[{"count":1,"href":"https:\/\/www.sincomam.org.br\/index.php\/wp-json\/wp\/v2\/posts\/47592\/revisions"}],"predecessor-version":[{"id":47594,"href":"https:\/\/www.sincomam.org.br\/index.php\/wp-json\/wp\/v2\/posts\/47592\/revisions\/47594"}],"wp:featuredmedia":[{"embeddable":true,"href":"https:\/\/www.sincomam.org.br\/index.php\/wp-json\/wp\/v2\/media\/46867"}],"wp:attachment":[{"href":"https:\/\/www.sincomam.org.br\/index.php\/wp-json\/wp\/v2\/media?parent=47592"}],"wp:term":[{"taxonomy":"category","embeddable":true,"href":"https:\/\/www.sincomam.org.br\/index.php\/wp-json\/wp\/v2\/categories?post=47592"},{"taxonomy":"post_tag","embeddable":true,"href":"https:\/\/www.sincomam.org.br\/index.php\/wp-json\/wp\/v2\/tags?post=47592"}],"curies":[{"name":"wp","href":"https:\/\/api.w.org\/{rel}","templated":true}]}}