{"id":47585,"date":"2023-09-22T09:23:51","date_gmt":"2023-09-22T12:23:51","guid":{"rendered":"http:\/\/www.sincomam.org.br\/?p=47585"},"modified":"2023-09-22T09:23:51","modified_gmt":"2023-09-22T12:23:51","slug":"amazonia-legal-tera-recursos-para-projetos-de-bioeconomia","status":"publish","type":"post","link":"https:\/\/www.sincomam.org.br\/index.php\/amazonia-legal-tera-recursos-para-projetos-de-bioeconomia\/","title":{"rendered":"Amaz\u00f4nia Legal ter\u00e1 recursos para projetos de bioeconomia"},"content":{"rendered":"<p>Iniciativas de bioeconomia e infraestrutura sustent\u00e1vel na Amaz\u00f4nia Legal devem ganhar investimentos de US$ 250 milh\u00f5es nos pr\u00f3ximos meses.\u00a0<img decoding=\"async\" src=\"https:\/\/agenciabrasil.ebc.com.br\/ebc.png?id=1556969&amp;o=node\" \/><img decoding=\"async\" src=\"https:\/\/agenciabrasil.ebc.com.br\/ebc.gif?id=1556969&amp;o=node\" \/><\/p>\n<p>O valor ser\u00e1 destinado a uma linha de cr\u00e9dito para projetos de investimentos. O an\u00fancio foi feito nesta quinta-feira (21) pelo Banco do Brasil (BB), em parceria com o Banco Interamericano de Desenvolvimento (BID), e soma for\u00e7as ao Movimento Impacto Amaz\u00f4nia, firmado\u00a0durante o Pacto Global da ONU no Brasil, em Nova York, na \u00faltima semana.<\/p>\n<p>A inciativa pretende promover desenvolvimento na regi\u00e3o amaz\u00f4nica por meio de apoio a bioempresas e a produtores rurais locais. Outros objetivos s\u00e3o\u00a0financiar projetos de gera\u00e7\u00e3o de energia a partir de fontes renov\u00e1veis e investir na melhoria da conectividade em \u00e1reas urbanas, rurais e florestais da Amaz\u00f4nia Legal, com prioridade para localidades isoladas.<\/p>\n<p>O projeto est\u00e1 alinhado aos 12 compromissos de Sustentabilidade do BB e ao pilar de bioeconomia da Amaz\u00f4nia Sempre, programa do BID para o desenvolvimento sustent\u00e1vel da regi\u00e3o.<\/p>\n<p>O vice-presidente de Governo e Sustentabilidade Empresarial do Banco do Brasil, Jos\u00e9 Ricardo Sasseron, destacou\u00a0outras a\u00e7\u00f5es sustent\u00e1veis da institui\u00e7\u00e3o, inclusive em \u00e1reas degradadas da Amaz\u00f4nia. \u201cA nossa meta para preserva\u00e7\u00e3o e reflorestamento da floresta \u00e9 de 1\u00a0milh\u00e3o de hectares at\u00e9 2025. Isso corresponde a um ter\u00e7o do territ\u00f3rio da B\u00e9lgica, por exemplo, s\u00f3 para termos uma refer\u00eancia\u201d.<\/p>\n<p>Sasseron lembrou que antes desses acordos, o Banco do Brasil ja investia em torno de R$ 136 bilh\u00f5es na \u00e1rea da Amaz\u00f4nia Legal, al\u00e9m de conceder cr\u00e9ditos para produ\u00e7\u00e3o e extra\u00e7\u00e3o de cacau, castanha do Par\u00e1, a\u00e7a\u00ed que, segundo ele, \u201cs\u00e3o produtos que preservam a floresta e, ao mesmo tempo, proporcionam uma atividade econ\u00f4mica para a popula\u00e7\u00e3o que vive do extrativismo\u201d.<\/p>\n<h2>Amaz\u00f4nia na Times Square<\/h2>\n<p>Durante cinco minutos, a Times Square, \u00e1rea localizada no centro\u00a0de Nova York, foi tomada pela Amaz\u00f4nia. Ao som da voz do\u00a0<em>rapper<\/em>\u00a0ind\u00edgena Guarani MbY\u00e1, Orewa, todas as cores, exuber\u00e2ncia, fauna, flora e cultura do povo da floresta passaram diante dos olhos de centenas de pessoas de todos os cantos do planeta.<\/p>\n<p>O espet\u00e1culo \u00e9 parte da campanha \u201cSomos All Amaz\u00f4nia\u201d, do Banco do Brasil. Considerado o banco mais sustent\u00e1vel do mundo pela quarta vez, a institui\u00e7\u00e3o dedicou a semana a agendas de neg\u00f3cios focadas no desenvolvimento sustent\u00e1vel,\u00a0na recupera\u00e7\u00e3o e eserva\u00e7\u00e3o ambiental do Brasil.<\/p>\n<p>Entre os compromissos assumidos pelo BB est\u00e3o o incentivo \u00e0 agricultura sustent\u00e1vel e o refor\u00e7o a pr\u00e1ticas que promovam a recupera\u00e7\u00e3o de pastagens e \u00e1reas degradadas, al\u00e9m de assegurar o desmatamento ilegal zero em contratos de financiamento na institui\u00e7\u00e3o.<\/p>\n<p>Fonte: Ag\u00eancia Brasil<\/p>\n","protected":false},"excerpt":{"rendered":"<p>Iniciativas de bioeconomia e infraestrutura sustent\u00e1vel na Amaz\u00f4nia Legal devem ganhar investimentos de US$ 250 milh\u00f5es nos pr\u00f3ximos meses.\u00a0 O valor ser\u00e1 destinado a uma&#8230;<\/p>\n","protected":false},"author":1527,"featured_media":47586,"comment_status":"closed","ping_status":"closed","sticky":false,"template":"","format":"standard","meta":{"footnotes":""},"categories":[6],"tags":[],"class_list":["post-47585","post","type-post","status-publish","format-standard","has-post-thumbnail","hentry","category-noticias"],"_links":{"self":[{"href":"https:\/\/www.sincomam.org.br\/index.php\/wp-json\/wp\/v2\/posts\/47585","targetHints":{"allow":["GET"]}}],"collection":[{"href":"https:\/\/www.sincomam.org.br\/index.php\/wp-json\/wp\/v2\/posts"}],"about":[{"href":"https:\/\/www.sincomam.org.br\/index.php\/wp-json\/wp\/v2\/types\/post"}],"author":[{"embeddable":true,"href":"https:\/\/www.sincomam.org.br\/index.php\/wp-json\/wp\/v2\/users\/1527"}],"replies":[{"embeddable":true,"href":"https:\/\/www.sincomam.org.br\/index.php\/wp-json\/wp\/v2\/comments?post=47585"}],"version-history":[{"count":1,"href":"https:\/\/www.sincomam.org.br\/index.php\/wp-json\/wp\/v2\/posts\/47585\/revisions"}],"predecessor-version":[{"id":47587,"href":"https:\/\/www.sincomam.org.br\/index.php\/wp-json\/wp\/v2\/posts\/47585\/revisions\/47587"}],"wp:featuredmedia":[{"embeddable":true,"href":"https:\/\/www.sincomam.org.br\/index.php\/wp-json\/wp\/v2\/media\/47586"}],"wp:attachment":[{"href":"https:\/\/www.sincomam.org.br\/index.php\/wp-json\/wp\/v2\/media?parent=47585"}],"wp:term":[{"taxonomy":"category","embeddable":true,"href":"https:\/\/www.sincomam.org.br\/index.php\/wp-json\/wp\/v2\/categories?post=47585"},{"taxonomy":"post_tag","embeddable":true,"href":"https:\/\/www.sincomam.org.br\/index.php\/wp-json\/wp\/v2\/tags?post=47585"}],"curies":[{"name":"wp","href":"https:\/\/api.w.org\/{rel}","templated":true}]}}