{"id":47579,"date":"2023-09-22T09:16:41","date_gmt":"2023-09-22T12:16:41","guid":{"rendered":"http:\/\/www.sincomam.org.br\/?p=47579"},"modified":"2023-09-22T09:16:41","modified_gmt":"2023-09-22T12:16:41","slug":"marinha-e-firjan-unem-forcas-para-capacitar-militares-da-reserva","status":"publish","type":"post","link":"https:\/\/www.sincomam.org.br\/index.php\/marinha-e-firjan-unem-forcas-para-capacitar-militares-da-reserva\/","title":{"rendered":"Marinha e Firjan Unem For\u00e7as para Capacitar Militares da Reserva"},"content":{"rendered":"<p>A\u00a0Marinha do Brasil, atrav\u00e9s do\u00a0Corpo de Fuzileiros Navais (CFN), acaba de firmar uma parceria estrat\u00e9gica com a\u00a0Federa\u00e7\u00e3o das Ind\u00fastrias do Estado do Rio de Janeiro (Firjan)\u00a0e o\u00a0Servi\u00e7o Nacional de Aprendizagem Industrial (Senai). O objetivo? Facilitar a reinser\u00e7\u00e3o de militares da reserva no mercado de trabalho, oferecendo cursos de capacita\u00e7\u00e3o e oportunidades de emprego. Este Acordo de Coopera\u00e7\u00e3o T\u00e9cnica (ACT) foi assinado na Fortaleza de S\u00e3o Jos\u00e9, no Rio de Janeiro, e promete ser um marco na capacita\u00e7\u00e3o profissional de militares.<\/p>\n<p><strong>O Programa de Recoloca\u00e7\u00e3o Profissional do CFN<\/strong><\/p>\n<p>O\u00a0Programa de Recoloca\u00e7\u00e3o Profissional do Corpo de Fuzileiros Navais (PReP-CFN)\u00a0\u00e9 uma iniciativa de grande impacto social. Seu principal objetivo \u00e9 facilitar a inser\u00e7\u00e3o dos Fuzileiros Navais, que foram licenciados do Servi\u00e7o Ativo da Marinha, no mercado de trabalho. Atrav\u00e9s deste programa, empresas privadas ter\u00e3o acesso a um banco de curr\u00edculos com candidatos altamente qualificados, prontos para atender \u00e0s necessidades espec\u00edficas de cada cargo. O Vice-Presidente da Firjan, Carlos Erane de Aguiar, expressou sua admira\u00e7\u00e3o pelo trabalho realizado no CFN e a import\u00e2ncia dessa coopera\u00e7\u00e3o t\u00e9cnica.<\/p>\n<div class=\"td-a-rec td-a-rec-id-content_inline td_uid_2_650d81e396ae3_rand td_block_template_11\">\n<p><strong>Benef\u00edcios M\u00fatuos e Redu\u00e7\u00e3o do Desemprego<\/strong><\/p>\n<\/div>\n<p>A parceria entre a Marinha, Firjan e Senai n\u00e3o \u00e9 apenas ben\u00e9fica para os militares em busca de recoloca\u00e7\u00e3o profissional. As empresas tamb\u00e9m se beneficiar\u00e3o ao ter acesso a profissionais qualificados e treinados. O Comandante-Geral do CFN, Almirante de Esquadra (Fuzileiro Naval) Carlos Chagas Vianna Braga, destacou que a Firjan e o Senai s\u00e3o parceiros hist\u00f3ricos da Marinha. Ele acredita que essa nova iniciativa ajudar\u00e1 a diminuir o desemprego no pa\u00eds, al\u00e9m de fortalecer ainda mais a institui\u00e7\u00e3o.<\/p>\n<p><strong>Um Futuro Promissor para os Fuzileiros Navais<\/strong><\/p>\n<p>A Marinha do Brasil sempre teve como lema n\u00e3o deixar ningu\u00e9m para tr\u00e1s. Com essa nova parceria, os Fuzileiros Navais ter\u00e3o a chance de iniciar uma nova carreira ap\u00f3s sua passagem pelo servi\u00e7o ativo. Eles receber\u00e3o a orienta\u00e7\u00e3o e capacita\u00e7\u00e3o adequadas para serem bem absorvidos pelas empresas. \u00c9 uma iniciativa que, sem d\u00favida, trar\u00e1 benef\u00edcios n\u00e3o apenas para os militares, mas tamb\u00e9m para todo o pa\u00eds.<\/p>\n<p>Fonte: Defesa em Foco<\/p>\n","protected":false},"excerpt":{"rendered":"<p>A\u00a0Marinha do Brasil, atrav\u00e9s do\u00a0Corpo de Fuzileiros Navais (CFN), acaba de firmar uma parceria estrat\u00e9gica com a\u00a0Federa\u00e7\u00e3o das Ind\u00fastrias do Estado do Rio de Janeiro&#8230;<\/p>\n","protected":false},"author":1527,"featured_media":47580,"comment_status":"closed","ping_status":"closed","sticky":false,"template":"","format":"standard","meta":{"footnotes":""},"categories":[6],"tags":[],"class_list":["post-47579","post","type-post","status-publish","format-standard","has-post-thumbnail","hentry","category-noticias"],"_links":{"self":[{"href":"https:\/\/www.sincomam.org.br\/index.php\/wp-json\/wp\/v2\/posts\/47579","targetHints":{"allow":["GET"]}}],"collection":[{"href":"https:\/\/www.sincomam.org.br\/index.php\/wp-json\/wp\/v2\/posts"}],"about":[{"href":"https:\/\/www.sincomam.org.br\/index.php\/wp-json\/wp\/v2\/types\/post"}],"author":[{"embeddable":true,"href":"https:\/\/www.sincomam.org.br\/index.php\/wp-json\/wp\/v2\/users\/1527"}],"replies":[{"embeddable":true,"href":"https:\/\/www.sincomam.org.br\/index.php\/wp-json\/wp\/v2\/comments?post=47579"}],"version-history":[{"count":1,"href":"https:\/\/www.sincomam.org.br\/index.php\/wp-json\/wp\/v2\/posts\/47579\/revisions"}],"predecessor-version":[{"id":47581,"href":"https:\/\/www.sincomam.org.br\/index.php\/wp-json\/wp\/v2\/posts\/47579\/revisions\/47581"}],"wp:featuredmedia":[{"embeddable":true,"href":"https:\/\/www.sincomam.org.br\/index.php\/wp-json\/wp\/v2\/media\/47580"}],"wp:attachment":[{"href":"https:\/\/www.sincomam.org.br\/index.php\/wp-json\/wp\/v2\/media?parent=47579"}],"wp:term":[{"taxonomy":"category","embeddable":true,"href":"https:\/\/www.sincomam.org.br\/index.php\/wp-json\/wp\/v2\/categories?post=47579"},{"taxonomy":"post_tag","embeddable":true,"href":"https:\/\/www.sincomam.org.br\/index.php\/wp-json\/wp\/v2\/tags?post=47579"}],"curies":[{"name":"wp","href":"https:\/\/api.w.org\/{rel}","templated":true}]}}