{"id":47567,"date":"2023-09-21T10:48:32","date_gmt":"2023-09-21T13:48:32","guid":{"rendered":"http:\/\/www.sincomam.org.br\/?p=47567"},"modified":"2023-09-21T10:48:32","modified_gmt":"2023-09-21T13:48:32","slug":"lula-e-biden-lancam-coalizao-em-defesa-dos-direitos-trabalhistas","status":"publish","type":"post","link":"https:\/\/www.sincomam.org.br\/index.php\/lula-e-biden-lancam-coalizao-em-defesa-dos-direitos-trabalhistas\/","title":{"rendered":"Lula e Biden lan\u00e7am coaliz\u00e3o em defesa dos direitos trabalhistas"},"content":{"rendered":"<p>O presidente Luiz In\u00e1cio Lula da Silva e o presidente dos Estados Unidos, Joe Biden, lan\u00e7aram, nesta quarta-feira (20), em Nova York, uma parceria para promo\u00e7\u00e3o do \u201ctrabalho digno\u201d. Eles afirmaram o compromisso m\u00fatuo com os direitos dos trabalhadores, por meio da assinatura de um protocolo. A iniciativa \u00e9 in\u00e9dita entre os dois pa\u00edses e visa combater a precariza\u00e7\u00e3o do trabalho, tendo os sindicatos como base de apoio.<img decoding=\"async\" src=\"https:\/\/agenciabrasil.ebc.com.br\/ebc.png?id=1556637&amp;o=node\" \/><img decoding=\"async\" src=\"https:\/\/agenciabrasil.ebc.com.br\/ebc.gif?id=1556637&amp;o=node\" \/><\/p>\n<p>\u201cN\u00e3o queremos s\u00f3 que uma classe se saia bem, queremos que os pobres tenham a oportunidade de subir na vida. Os ricos n\u00e3o pagam impostos suficientes. Essa vis\u00e3o \u00e9 impulsionada por uma for\u00e7a trabalhista forte. Orgulho-me que meu governo tem sido caracterizado com o mais pr\u00f3-sindicato na hist\u00f3ria dos EUA&#8221;, afirmou Biden no discurso de lan\u00e7amento da iniciativa.<\/p>\n<p>A Parceria pelos Direitos dos Trabalhadores tem como diretrizes principais a prote\u00e7\u00e3o dos diretos trabalhistas; promo\u00e7\u00e3o do trabalho digno nos empreendimentos p\u00fablicos e privados; o combate \u00e0 discrimina\u00e7\u00e3o no local de trabalho; abordagem centrada dos trabalhadores na transi\u00e7\u00e3o para energia limpa; e o uso da tecnologia e da transi\u00e7\u00e3o digital em prol do trabalho decente.<\/p>\n<p>Em seu discurso, Lula enalteceu o car\u00e1ter hist\u00f3rico da parceria e destacou os desafios atuais para promover o trabalho decente no planeta, ap\u00f3s d\u00e9cada de vig\u00eancia do neoliberalismo, um regime econ\u00f4mico de intensa explora\u00e7\u00e3o dos trabalhadores.<\/p>\n<p>&#8220;O saldo \u00e9 que n\u00f3s temos 2 bilh\u00f5es de trabalhadores que est\u00e3o no setor informal, segundo a OIT [Organiza\u00e7\u00e3o Internacional do Trabalho]. O dado concreto \u00e9 que temos 240 milh\u00f5es de trabalhadores que, mesmo trabalhando, vivem com menos de US$ 1,90 por dia. \u00c9 inaceit\u00e1vel que mulheres, minorias \u00e9tnicas e pessoas LGBTQIA+ sejam discriminadas no mercado de trabalho&#8221;, afirmou.<\/p>\n<p>Lula tamb\u00e9m defendeu o fortalecimento do papel dos sindicatos. &#8220;Todas pessoas que acreditam que sindicato fraco vai fazer com que o empres\u00e1rio ganhe mais, que o pa\u00eds fique melhor, est\u00e1 enganado. N\u00e3o h\u00e1 democracia sem sindicato forte. Porque o sindicato \u00e9 efetivamente quem fala pelo trabalhador para tentar defender os seus direitos&#8221;, completou.<\/p>\n<p>Ainda segundo o presidente dos Estados Unidos, os trabalhadores \u00e9 que ser\u00e3o os principais agentes no processo de transforma\u00e7\u00e3o energ\u00e9tica e tecnol\u00f3gica que o planeta precisa enfrentar nos pr\u00f3ximos anos.<\/p>\n<p>&#8220;Sabemos que o nosso progresso depende dos nossos trabalhadores. Eles que v\u00e3o impulsionar a transi\u00e7\u00e3o da energia verde, eles que v\u00e3o tornar segura a cadeia de valor e erguer a infraestrutura para manter forte a nossa economia&#8221;, disse Joe Biden.<\/p>\n<p>Lula e Biden se comprometeram a impulsionar a ades\u00e3o de outros pa\u00edses \u00e0 Parceria pelos Direitos dos Trabalhadores, e tentar reverter a situa\u00e7\u00e3o de explora\u00e7\u00e3o existente. &#8220;Em todos esses f\u00f3runs internacionais, estaremos trabalhando e tentando criar condi\u00e7\u00f5es para que todos os governantes aceitem um protocolo com esse que estamos assinando aqui&#8221;, disse Lula.<\/p>\n<p>Os dois presidentes tamb\u00e9m querem estabelecer uma agenda centrada em aumentar a import\u00e2ncia dos trabalhadores e trabalhadoras em institui\u00e7\u00f5es multilaterais como o G20, a COP 28 e a COP 30.<\/p>\n<h2>Encontro bilateral<\/h2>\n<p>Antes do lan\u00e7amento da iniciativa, Lula e Biden tiveram um encontro bilateral. Na ocasi\u00e3o, Biden falou em trabalhar conjuntamente com o Brasil para enfrentar a crise do clima, &#8220;mobilizando centenas de milh\u00f5es de d\u00f3lares para preservar a Amaz\u00f4nia e os ecossistemas cruciais da Am\u00e9rica Latina&#8221;.<\/p>\n<p>&#8220;Trabalharemos juntos na parceria da coopera\u00e7\u00e3o atl\u00e2ntica, promovendo crescimento econ\u00f4mico inclusivo. As duas maiores democracias do hemisf\u00e9rio ocidental est\u00e3o defendendo diretos humanos, no hemisf\u00e9rio e no mundo, incluindo os direitos dos trabalhadores&#8221;, disse Biden.<\/p>\n<p>J\u00e1 Lula disse da necessidade de apresentar propostas e assegurar oportunidades de trabalho de qualidade, especialmente para juventude, como &#8220;forma de despertar a esperan\u00e7a na sociedade que vive de trabalho no mundo&#8221;.<\/p>\n<p>&#8220;Eu nunca tinha visto um presidente americano falar tanto e t\u00e3o bem dos trabalhadores como o senhor falou. Isso foi referendado por centrais sindicais americanas. Essa \u00e9 uma combina\u00e7\u00e3o perfeita, porque eu venho do mundo do trabalho, e eu acho que o trabalho est\u00e1 muito precarizado, o sal\u00e1rio est\u00e1 muito aviltado, cada vez mais os trabalhadores trabalham mais e ganham menos&#8221;, disse Lula.<\/p>\n<h2>ONU<\/h2>\n<p>Lula est\u00e1 em Nova York para participando da Assembleia Geral da Organiza\u00e7\u00e3o das Na\u00e7\u00f5es Unidas (ONU). Na ter\u00e7a-feira (19),\u00a0em discurso no plen\u00e1rio da ONU, o presidente brasileiro criticou o neoliberalismo e disse que o desemprego e a precariza\u00e7\u00e3o do trabalho \u201cminaram a confian\u00e7a das pessoas em tempos melhores, em especial os jovens\u201d. Para Lula, isso deu brecha para a ascens\u00e3o da extrema direita em diversas partes do mundo.<\/p>\n<p>\u201cMuitos sucumbiram \u00e0 tenta\u00e7\u00e3o de substituir um neoliberalismo falido por um nacionalismo primitivo, conservador e autorit\u00e1rio. Repudiamos uma agenda que utiliza os imigrantes como bodes expiat\u00f3rios, que corr\u00f3i o estado de bem-estar e que investe contra os direitos dos trabalhadores\u201d, disse Lula. \u201cNossa luta \u00e9 contra a desinforma\u00e7\u00e3o e os crimes cibern\u00e9ticos. Aplicativos e plataformas n\u00e3o devem abolir as leis trabalhistas pelas quais tanto lutamos\u201d, acrescentou.<\/p>\n<p>O presidente desembarcou em Nova York na noite de s\u00e1bado (16), onde participou de reuni\u00e3o com empres\u00e1rios e diversos encontros com autoridades estrangeiras. O principal compromisso foi a abertura do debate geral de chefes de Estado da 78\u00aa Assembleia Geral da ONU.<\/p>\n<p>Ainda nesta quarta-feira, Lula se encontrar\u00e1 com o presidente da Ucr\u00e2nia, Volodimir Zelensky. Ele retorna ainda na noite desta quarta-feira para o Brasil.<\/p>\n<p>Fonte: Ag\u00eancia Brasil<\/p>\n","protected":false},"excerpt":{"rendered":"<p>O presidente Luiz In\u00e1cio Lula da Silva e o presidente dos Estados Unidos, Joe Biden, lan\u00e7aram, nesta quarta-feira (20), em Nova York, uma parceria para&#8230;<\/p>\n","protected":false},"author":1527,"featured_media":47568,"comment_status":"closed","ping_status":"closed","sticky":false,"template":"","format":"standard","meta":{"footnotes":""},"categories":[6],"tags":[],"class_list":["post-47567","post","type-post","status-publish","format-standard","has-post-thumbnail","hentry","category-noticias"],"_links":{"self":[{"href":"https:\/\/www.sincomam.org.br\/index.php\/wp-json\/wp\/v2\/posts\/47567","targetHints":{"allow":["GET"]}}],"collection":[{"href":"https:\/\/www.sincomam.org.br\/index.php\/wp-json\/wp\/v2\/posts"}],"about":[{"href":"https:\/\/www.sincomam.org.br\/index.php\/wp-json\/wp\/v2\/types\/post"}],"author":[{"embeddable":true,"href":"https:\/\/www.sincomam.org.br\/index.php\/wp-json\/wp\/v2\/users\/1527"}],"replies":[{"embeddable":true,"href":"https:\/\/www.sincomam.org.br\/index.php\/wp-json\/wp\/v2\/comments?post=47567"}],"version-history":[{"count":1,"href":"https:\/\/www.sincomam.org.br\/index.php\/wp-json\/wp\/v2\/posts\/47567\/revisions"}],"predecessor-version":[{"id":47569,"href":"https:\/\/www.sincomam.org.br\/index.php\/wp-json\/wp\/v2\/posts\/47567\/revisions\/47569"}],"wp:featuredmedia":[{"embeddable":true,"href":"https:\/\/www.sincomam.org.br\/index.php\/wp-json\/wp\/v2\/media\/47568"}],"wp:attachment":[{"href":"https:\/\/www.sincomam.org.br\/index.php\/wp-json\/wp\/v2\/media?parent=47567"}],"wp:term":[{"taxonomy":"category","embeddable":true,"href":"https:\/\/www.sincomam.org.br\/index.php\/wp-json\/wp\/v2\/categories?post=47567"},{"taxonomy":"post_tag","embeddable":true,"href":"https:\/\/www.sincomam.org.br\/index.php\/wp-json\/wp\/v2\/tags?post=47567"}],"curies":[{"name":"wp","href":"https:\/\/api.w.org\/{rel}","templated":true}]}}