{"id":47558,"date":"2023-09-21T10:32:54","date_gmt":"2023-09-21T13:32:54","guid":{"rendered":"http:\/\/www.sincomam.org.br\/?p=47558"},"modified":"2023-09-21T10:32:54","modified_gmt":"2023-09-21T13:32:54","slug":"marinha-do-brasil-realiza-resgate-heroico-de-pescadores-a-deriva-por-6-dias","status":"publish","type":"post","link":"https:\/\/www.sincomam.org.br\/index.php\/marinha-do-brasil-realiza-resgate-heroico-de-pescadores-a-deriva-por-6-dias\/","title":{"rendered":"Marinha do Brasil Realiza Resgate Heroico de Pescadores \u00e0 Deriva por 6 dias"},"content":{"rendered":"<p>No dia 4 de setembro, sete pescadores partiram do munic\u00edpio de\u00a0Camocim, no Cear\u00e1, para uma atividade de pesca que deveria ser como qualquer outra. No entanto, o inesperado aconteceu: uma\u00a0falha mec\u00e2nica\u00a0no sistema de governo da embarca\u00e7\u00e3o os deixou \u00e0 deriva. Por seis longos dias, eles flutuaram sem rumo na costa do Nordeste, mantendo a esperan\u00e7a viva com os mantimentos e \u00e1gua que tinham a bordo. Felizmente, esses recursos os mantiveram em boas condi\u00e7\u00f5es de sa\u00fade at\u00e9 o momento do resgate.<\/p>\n<p><strong>O Chamado ao Resgate: A Marinha Entra em A\u00e7\u00e3o<\/strong><\/p>\n<p>A\u00a0Marinha do Brasil (MB)\u00a0s\u00f3 tomou conhecimento da situa\u00e7\u00e3o cr\u00edtica dos pescadores no final da tarde do dia 18 de setembro. Imediatamente, o\u00a0Salvamar Norte, em Bel\u00e9m (PA), coordenou uma\u00a0Opera\u00e7\u00e3o de Busca e Salvamento. A opera\u00e7\u00e3o contou com o apoio de uma aeronave\u00a0UH-15 Super Cougar\u00a0do 1\u00ba Esquadr\u00e3o de Helic\u00f3pteros de Emprego Geral do Norte (EsqdHU-41), al\u00e9m da colabora\u00e7\u00e3o da\u00a0Capitania dos Portos do Maranh\u00e3o, do\u00a0Corpo de Bombeiros do Maranh\u00e3o\u00a0e do\u00a0Destacamento de Controle do Espa\u00e7o A\u00e9reo de S\u00e3o Lu\u00eds.<\/p>\n<div class=\"td-a-rec td-a-rec-id-content_inline td_uid_2_650c3c1b920ec_rand td_block_template_11\">\n<p><strong>Momentos de Tens\u00e3o e Al\u00edvio: O Resgate \u00c9 Realizado<\/strong><\/p>\n<\/div>\n<p>\u201cEst\u00e1vamos na esperan\u00e7a de que o resgate viria por meio de alguma embarca\u00e7\u00e3o que passaria pelo local, quando avistamos a aeronave da Marinha. Foi motivo de al\u00edvio e alegria\u201d, disse o pescador\u00a0Jos\u00e9 Augusto do Nascimento, de 52 anos. Ele foi o primeiro a ser i\u00e7ado da embarca\u00e7\u00e3o at\u00e9 o helic\u00f3ptero pelo\u00a0Grupo de Tripulantes A\u00e9reos de Resgate do EsqdHU-41. O resgate foi um sucesso, e todos os pescadores foram salvos e est\u00e3o a caminho de casa, de volta para Camocim.<\/p>\n<p><strong>Li\u00e7\u00f5es Aprendidas e Agradecimentos: O Valor Inestim\u00e1vel do Resgate<\/strong><\/p>\n<p>O\u00a0Capit\u00e3o dos Portos do Maranh\u00e3o, Capit\u00e3o de Mar e Guerra Alexandre Roberto Janu\u00e1rio, ressaltou que este incidente serve como um lembrete sobre os perigos constantes enfrentados por aqueles que trabalham no mar. Ele tamb\u00e9m destacou o valor inestim\u00e1vel dos servi\u00e7os de resgate e a bravura do\u00a0Esquadr\u00e3o HU-41. A Marinha do Brasil mant\u00e9m um\u00a0Disque Emerg\u00eancias Mar\u00edtimas e Fluviais, no telefone 185, para comunica\u00e7\u00e3o de emerg\u00eancias e pedidos de aux\u00edlio, al\u00e9m de monitorar permanentemente o Canal 16 (VHF).<\/p>\n<p>Fonte: Defesa em Foco<\/p>\n","protected":false},"excerpt":{"rendered":"<p>No dia 4 de setembro, sete pescadores partiram do munic\u00edpio de\u00a0Camocim, no Cear\u00e1, para uma atividade de pesca que deveria ser como qualquer outra. No&#8230;<\/p>\n","protected":false},"author":1527,"featured_media":47559,"comment_status":"closed","ping_status":"closed","sticky":false,"template":"","format":"standard","meta":{"footnotes":""},"categories":[6],"tags":[],"class_list":["post-47558","post","type-post","status-publish","format-standard","has-post-thumbnail","hentry","category-noticias"],"_links":{"self":[{"href":"https:\/\/www.sincomam.org.br\/index.php\/wp-json\/wp\/v2\/posts\/47558","targetHints":{"allow":["GET"]}}],"collection":[{"href":"https:\/\/www.sincomam.org.br\/index.php\/wp-json\/wp\/v2\/posts"}],"about":[{"href":"https:\/\/www.sincomam.org.br\/index.php\/wp-json\/wp\/v2\/types\/post"}],"author":[{"embeddable":true,"href":"https:\/\/www.sincomam.org.br\/index.php\/wp-json\/wp\/v2\/users\/1527"}],"replies":[{"embeddable":true,"href":"https:\/\/www.sincomam.org.br\/index.php\/wp-json\/wp\/v2\/comments?post=47558"}],"version-history":[{"count":1,"href":"https:\/\/www.sincomam.org.br\/index.php\/wp-json\/wp\/v2\/posts\/47558\/revisions"}],"predecessor-version":[{"id":47560,"href":"https:\/\/www.sincomam.org.br\/index.php\/wp-json\/wp\/v2\/posts\/47558\/revisions\/47560"}],"wp:featuredmedia":[{"embeddable":true,"href":"https:\/\/www.sincomam.org.br\/index.php\/wp-json\/wp\/v2\/media\/47559"}],"wp:attachment":[{"href":"https:\/\/www.sincomam.org.br\/index.php\/wp-json\/wp\/v2\/media?parent=47558"}],"wp:term":[{"taxonomy":"category","embeddable":true,"href":"https:\/\/www.sincomam.org.br\/index.php\/wp-json\/wp\/v2\/categories?post=47558"},{"taxonomy":"post_tag","embeddable":true,"href":"https:\/\/www.sincomam.org.br\/index.php\/wp-json\/wp\/v2\/tags?post=47558"}],"curies":[{"name":"wp","href":"https:\/\/api.w.org\/{rel}","templated":true}]}}