{"id":47554,"date":"2023-09-21T10:30:49","date_gmt":"2023-09-21T13:30:49","guid":{"rendered":"http:\/\/www.sincomam.org.br\/?p=47554"},"modified":"2023-09-21T10:31:05","modified_gmt":"2023-09-21T13:31:05","slug":"antaq-recebe-primeira-visita-do-novo-ministro-de-portos-e-aeroportos","status":"publish","type":"post","link":"https:\/\/www.sincomam.org.br\/index.php\/antaq-recebe-primeira-visita-do-novo-ministro-de-portos-e-aeroportos\/","title":{"rendered":"ANTAQ RECEBE PRIMEIRA VISITA DO NOVO MINISTRO DE PORTOS E AEROPORTOS"},"content":{"rendered":"<p>Os diretores da Ag\u00eancia Nacional de Transportes Aquavi\u00e1rios (ANTAQ) receberam, nesta semana, a primeira visita institucional do novo ministro de Portos e Aeroportos (MPor), Silvio Costa Filho. O titular da pasta foi recebido por toda a diretoria colegiada: o diretor-geral, Eduardo Nery e os diretores Fl\u00e1via Takafashi; Lima Filho; Alber Vasconcelos e Caio Farias.<\/p>\n<p>A visita teve como objetivo estreitar la\u00e7os entre os \u00f3rg\u00e3os na busca por diretrizes e a\u00e7\u00f5es conjuntas visando \u00e0 desburocratiza\u00e7\u00e3o e a investimentos no setor aquavi\u00e1rio. Logo no in\u00edcio dos trabalhos, Costa Filho afirmou que a visita faz parte da agenda do MPor em ouvir as principais necessidades do setor.<\/p>\n<p>\u201cEssa aproxima\u00e7\u00e3o \u00e9 importante para contribuir para o futuro do setor aquavi\u00e1rio. Queremos ouvir a ANTAQ para dar celeridade aos procedimentos e processos que tramitam dentro da Autarquia. Sempre respeitando todos os est\u00e1gios e regramentos, queremos diminuir os gargalos que existem dentro do setor\u201d, disse.<\/p>\n<p>J\u00e1 o diretor-geral da ANTAQ, Eduardo Nery, fez uma apresenta\u00e7\u00e3o institucional ao novo ministro, detalhando as atribui\u00e7\u00f5es e a\u00e7\u00f5es priorit\u00e1rias da ag\u00eancia.<\/p>\n<p>Destacou tamb\u00e9m os estudos e pain\u00e9is da ANTAQ, entre eles o\u00a0<a class=\"external-link\" title=\"\" href=\"https:\/\/web3.antaq.gov.br\/ea\/sense\/index.html#pt\" target=\"_blank\" rel=\"noopener\" data-tippreview-enabled=\"false\" data-tippreview-image=\"\" data-tippreview-title=\"\">Estat\u00edstico Aquavi\u00e1rio<\/a>, refer\u00eancia do setor em compila\u00e7\u00e3o de dados di\u00e1rios de mercado e dos portos brasileiros.<\/p>\n<p>Os diretores apresentaram ao novo titular do MPor resultados e projetos da Agenda Ambiental da ANTAQ. Destaque para o estudo de impacto clim\u00e1tico nos portos brasileiros e o estudo que analisar\u00e1 a prepara\u00e7\u00e3o da infraestrutura portu\u00e1ria nacional para o recebimento de embarca\u00e7\u00f5es que trafegam com combust\u00edveis zero carbono, para o uso e exporta\u00e7\u00e3o do hidrog\u00eanio verde e seus derivados (PtX) e para o fornecimento de energia proveniente de fontes renov\u00e1veis para embarca\u00e7\u00f5es atracadas.<\/p>\n<p>De acordo com o diretor-geral, a visita do ministro logo ap\u00f3s a sua nomea\u00e7\u00e3o ao cargo sinaliza que o Minist\u00e9rio segue em parceria com a ANTAQ na busca de melhorias para o setor.<\/p>\n<p>\u201cA visita do ministro logo nos primeiros dias ap\u00f3s a sua nomea\u00e7\u00e3o \u00e9 simb\u00f3lica. Isso demonstra o comprometimento em trazer uma agenda positiva para o setor. Tamb\u00e9m mostra que a parceria entre a Pasta supervisora e a Ag\u00eancia Reguladora segue de forma prof\u00edcua para o setor\u201d, falou.<\/p>\n<p>Fonte: Informativo dos Portos<\/p>\n","protected":false},"excerpt":{"rendered":"<p>Os diretores da Ag\u00eancia Nacional de Transportes Aquavi\u00e1rios (ANTAQ) receberam, nesta semana, a primeira visita institucional do novo ministro de Portos e Aeroportos (MPor), Silvio&#8230;<\/p>\n","protected":false},"author":1527,"featured_media":47555,"comment_status":"closed","ping_status":"closed","sticky":false,"template":"","format":"standard","meta":{"footnotes":""},"categories":[6],"tags":[],"class_list":["post-47554","post","type-post","status-publish","format-standard","has-post-thumbnail","hentry","category-noticias"],"_links":{"self":[{"href":"https:\/\/www.sincomam.org.br\/index.php\/wp-json\/wp\/v2\/posts\/47554","targetHints":{"allow":["GET"]}}],"collection":[{"href":"https:\/\/www.sincomam.org.br\/index.php\/wp-json\/wp\/v2\/posts"}],"about":[{"href":"https:\/\/www.sincomam.org.br\/index.php\/wp-json\/wp\/v2\/types\/post"}],"author":[{"embeddable":true,"href":"https:\/\/www.sincomam.org.br\/index.php\/wp-json\/wp\/v2\/users\/1527"}],"replies":[{"embeddable":true,"href":"https:\/\/www.sincomam.org.br\/index.php\/wp-json\/wp\/v2\/comments?post=47554"}],"version-history":[{"count":2,"href":"https:\/\/www.sincomam.org.br\/index.php\/wp-json\/wp\/v2\/posts\/47554\/revisions"}],"predecessor-version":[{"id":47557,"href":"https:\/\/www.sincomam.org.br\/index.php\/wp-json\/wp\/v2\/posts\/47554\/revisions\/47557"}],"wp:featuredmedia":[{"embeddable":true,"href":"https:\/\/www.sincomam.org.br\/index.php\/wp-json\/wp\/v2\/media\/47555"}],"wp:attachment":[{"href":"https:\/\/www.sincomam.org.br\/index.php\/wp-json\/wp\/v2\/media?parent=47554"}],"wp:term":[{"taxonomy":"category","embeddable":true,"href":"https:\/\/www.sincomam.org.br\/index.php\/wp-json\/wp\/v2\/categories?post=47554"},{"taxonomy":"post_tag","embeddable":true,"href":"https:\/\/www.sincomam.org.br\/index.php\/wp-json\/wp\/v2\/tags?post=47554"}],"curies":[{"name":"wp","href":"https:\/\/api.w.org\/{rel}","templated":true}]}}