{"id":47516,"date":"2023-09-19T08:39:26","date_gmt":"2023-09-19T11:39:26","guid":{"rendered":"http:\/\/www.sincomam.org.br\/?p=47516"},"modified":"2023-09-19T08:39:26","modified_gmt":"2023-09-19T11:39:26","slug":"em-dois-meses-bancos-renegociam-r-13-bilhoes-em-dividas-do-desenrola","status":"publish","type":"post","link":"https:\/\/www.sincomam.org.br\/index.php\/em-dois-meses-bancos-renegociam-r-13-bilhoes-em-dividas-do-desenrola\/","title":{"rendered":"Em dois meses, bancos renegociam R$ 13 bilh\u00f5es em d\u00edvidas do Desenrola"},"content":{"rendered":"<p>Em dois meses, os bancos brasileiros renegociaram 1,9 milh\u00e3o de contratos de d\u00edvidas do Programa Emergencial de Renegocia\u00e7\u00e3o de D\u00edvidas de Pessoas F\u00edsicas Inadimplentes, o Desenrola Brasil. A informa\u00e7\u00e3o \u00e9 da Federa\u00e7\u00e3o Brasileira de Bancos (Febraban) e foi divulgada nesta segunda-feira.<img decoding=\"async\" src=\"https:\/\/agenciabrasil.ebc.com.br\/ebc.png?id=1556131&amp;o=node\" \/><img decoding=\"async\" src=\"https:\/\/agenciabrasil.ebc.com.br\/ebc.gif?id=1556131&amp;o=node\" \/><\/p>\n<p>Segundo a federa\u00e7\u00e3o, a repactua\u00e7\u00e3o de d\u00edvidas por meio do programa atingiu R$ 13,2 bilh\u00f5es at\u00e9 este momento, exclusivamente pela Faixa 2.<\/p>\n<p>A Faixa 2\u00a0abrange as renegocia\u00e7\u00f5es de d\u00e9bitos\u00a0com bancos para quem tem renda de at\u00e9 R$ 20 mil sem limite de valor de d\u00edvidas, o que permite o refinanciamento de im\u00f3veis e de ve\u00edculos, por exemplo. Os devedores poder\u00e3o acionar diretamente as institui\u00e7\u00f5es banc\u00e1rias para negoci\u00e1-las.<\/p>\n<p>Desde que foi implantado, informou a Febraban, cerca de 1,46 milh\u00e3o de clientes banc\u00e1rios foram beneficiados com o programa.<\/p>\n<p>Ainda de acordo com a federa\u00e7\u00e3o, as institui\u00e7\u00f5es financeiras limparam o nome de cerca de 6 milh\u00f5es de clientes que tinham d\u00edvidas banc\u00e1rias de at\u00e9 R$ 100.<\/p>\n<p>O Desenrola Brasil, informou o Minist\u00e9rio da Fazenda, tem o potencial de beneficiar at\u00e9 70 milh\u00f5es de pessoas. A ades\u00e3o ao programa vai at\u00e9 o dia 31 de dezembro.<\/p>\n<p>Fonte: Ag\u00eancia Brasil<\/p>\n","protected":false},"excerpt":{"rendered":"<p>Em dois meses, os bancos brasileiros renegociaram 1,9 milh\u00e3o de contratos de d\u00edvidas do Programa Emergencial de Renegocia\u00e7\u00e3o de D\u00edvidas de Pessoas F\u00edsicas Inadimplentes, o&#8230;<\/p>\n","protected":false},"author":1527,"featured_media":47517,"comment_status":"closed","ping_status":"closed","sticky":false,"template":"","format":"standard","meta":{"footnotes":""},"categories":[6],"tags":[],"class_list":["post-47516","post","type-post","status-publish","format-standard","has-post-thumbnail","hentry","category-noticias"],"_links":{"self":[{"href":"https:\/\/www.sincomam.org.br\/index.php\/wp-json\/wp\/v2\/posts\/47516","targetHints":{"allow":["GET"]}}],"collection":[{"href":"https:\/\/www.sincomam.org.br\/index.php\/wp-json\/wp\/v2\/posts"}],"about":[{"href":"https:\/\/www.sincomam.org.br\/index.php\/wp-json\/wp\/v2\/types\/post"}],"author":[{"embeddable":true,"href":"https:\/\/www.sincomam.org.br\/index.php\/wp-json\/wp\/v2\/users\/1527"}],"replies":[{"embeddable":true,"href":"https:\/\/www.sincomam.org.br\/index.php\/wp-json\/wp\/v2\/comments?post=47516"}],"version-history":[{"count":1,"href":"https:\/\/www.sincomam.org.br\/index.php\/wp-json\/wp\/v2\/posts\/47516\/revisions"}],"predecessor-version":[{"id":47518,"href":"https:\/\/www.sincomam.org.br\/index.php\/wp-json\/wp\/v2\/posts\/47516\/revisions\/47518"}],"wp:featuredmedia":[{"embeddable":true,"href":"https:\/\/www.sincomam.org.br\/index.php\/wp-json\/wp\/v2\/media\/47517"}],"wp:attachment":[{"href":"https:\/\/www.sincomam.org.br\/index.php\/wp-json\/wp\/v2\/media?parent=47516"}],"wp:term":[{"taxonomy":"category","embeddable":true,"href":"https:\/\/www.sincomam.org.br\/index.php\/wp-json\/wp\/v2\/categories?post=47516"},{"taxonomy":"post_tag","embeddable":true,"href":"https:\/\/www.sincomam.org.br\/index.php\/wp-json\/wp\/v2\/tags?post=47516"}],"curies":[{"name":"wp","href":"https:\/\/api.w.org\/{rel}","templated":true}]}}