{"id":47513,"date":"2023-09-19T08:11:38","date_gmt":"2023-09-19T11:11:38","guid":{"rendered":"http:\/\/www.sincomam.org.br\/?p=47513"},"modified":"2023-09-19T08:11:38","modified_gmt":"2023-09-19T11:11:38","slug":"rio-permanece-com-tendencia-de-alta-de-casos-de-covid-19","status":"publish","type":"post","link":"https:\/\/www.sincomam.org.br\/index.php\/rio-permanece-com-tendencia-de-alta-de-casos-de-covid-19\/","title":{"rendered":"Rio permanece com tend\u00eancia de alta de casos de covid-19"},"content":{"rendered":"<p>O Boletim de Monitoramento de Dados Precoces da Covid-19 da Secretaria de Estado de Sa\u00fade do Rio de Janeiro (SES), divulgado\u00a0nesta segunda-feira (18), aponta tend\u00eancia de alta nos\u00a0casos positivos da doen\u00e7a, identificados por exames de\u00a0ant\u00edgeno e RT-PCR. Segundo a secretaria, apesar do aumento de notifica\u00e7\u00f5es,\u00a0a rede assistencial n\u00e3o est\u00e1 sobrecarregada de atendimentos, e sem\u00a0press\u00e3o na capacidade instalada.<img decoding=\"async\" src=\"https:\/\/agenciabrasil.ebc.com.br\/ebc.png?id=1556124&amp;o=node\" \/><img decoding=\"async\" src=\"https:\/\/agenciabrasil.ebc.com.br\/ebc.gif?id=1556124&amp;o=node\" \/><\/p>\n<p>A taxa de positividade em ambos os exames (RT-PCR e ant\u00edgeno) manteve tend\u00eancia de alta\u00a0passando de 18% e 36% para 20% e 39%, respectivamente. Na rede privada, houve redu\u00e7\u00e3o no n\u00famero de exames realizados para os testes laboratoriais (RT-PCR) e teste r\u00e1pido (ant\u00edgeno). J\u00e1 na rede p\u00fablica, houve aumento da procura pelo teste r\u00e1pido (ant\u00edgeno) nas unidades b\u00e1sicas de sa\u00fade, mas n\u00e3o houve aumento do exame RT-PCR.<\/p>\n<p>&#8220;Essa atualiza\u00e7\u00e3o nos indica que, neste momento, n\u00e3o h\u00e1 uma mudan\u00e7a significativa no cen\u00e1rio epidemiol\u00f3gico. A recomenda\u00e7\u00e3o da SES-RJ segue a mesma, para que todos atualizem o esquema vacinal com a bivalente, especialmente os idosos e os grupos priorit\u00e1rios&#8221;, afirmou, em nota, Claudia Mello, secret\u00e1ria estadual de Sa\u00fade.<\/p>\n<p>Segundo a pasta, as UPAs estaduais registraram estabilidade nos atendimentos de adultos, enquanto que houve queda no\u00a0atendimento de crian\u00e7as na\u00a0\u00faltima semana. A an\u00e1lise leva em considera\u00e7\u00e3o as semanas epidemiol\u00f3gicas 36 (de 3 a 9 de setembro) e 37 (de 10 a 16 de setembro).<\/p>\n<h2>Subvariante \u00c9ris<\/h2>\n<p>At\u00e9 o momento, foram confirmados\u00a0seis casos da nova subvariante \u00c9ris na cidade do Rio de Janeiro. Diante do atual cen\u00e1rio epidemiol\u00f3gico, novos casos sequenciados ser\u00e3o divulgados no\u00a0<a href=\"https:\/\/painel.saude.rj.gov.br\/monitoramento\/covid19.html#\" target=\"_blank\" rel=\"noopener\">Painel de Monitoramento da Covid-19<\/a>, assim que confirmados por laborat\u00f3rio.<\/p>\n<p>Os casos s\u00e3o investigados pela secretaria de Sa\u00fade da capital fluminense. A SES refor\u00e7a a recomenda\u00e7\u00e3o para que todos que ainda n\u00e3o tomaram a dose da vacina bivalente procurem os postos de sa\u00fade.<\/p>\n<p>Fonte: Ag\u00eancia Brasil<\/p>\n","protected":false},"excerpt":{"rendered":"<p>O Boletim de Monitoramento de Dados Precoces da Covid-19 da Secretaria de Estado de Sa\u00fade do Rio de Janeiro (SES), divulgado\u00a0nesta segunda-feira (18), aponta tend\u00eancia&#8230;<\/p>\n","protected":false},"author":1527,"featured_media":47514,"comment_status":"closed","ping_status":"closed","sticky":false,"template":"","format":"standard","meta":{"footnotes":""},"categories":[6],"tags":[],"class_list":["post-47513","post","type-post","status-publish","format-standard","has-post-thumbnail","hentry","category-noticias"],"_links":{"self":[{"href":"https:\/\/www.sincomam.org.br\/index.php\/wp-json\/wp\/v2\/posts\/47513","targetHints":{"allow":["GET"]}}],"collection":[{"href":"https:\/\/www.sincomam.org.br\/index.php\/wp-json\/wp\/v2\/posts"}],"about":[{"href":"https:\/\/www.sincomam.org.br\/index.php\/wp-json\/wp\/v2\/types\/post"}],"author":[{"embeddable":true,"href":"https:\/\/www.sincomam.org.br\/index.php\/wp-json\/wp\/v2\/users\/1527"}],"replies":[{"embeddable":true,"href":"https:\/\/www.sincomam.org.br\/index.php\/wp-json\/wp\/v2\/comments?post=47513"}],"version-history":[{"count":1,"href":"https:\/\/www.sincomam.org.br\/index.php\/wp-json\/wp\/v2\/posts\/47513\/revisions"}],"predecessor-version":[{"id":47515,"href":"https:\/\/www.sincomam.org.br\/index.php\/wp-json\/wp\/v2\/posts\/47513\/revisions\/47515"}],"wp:featuredmedia":[{"embeddable":true,"href":"https:\/\/www.sincomam.org.br\/index.php\/wp-json\/wp\/v2\/media\/47514"}],"wp:attachment":[{"href":"https:\/\/www.sincomam.org.br\/index.php\/wp-json\/wp\/v2\/media?parent=47513"}],"wp:term":[{"taxonomy":"category","embeddable":true,"href":"https:\/\/www.sincomam.org.br\/index.php\/wp-json\/wp\/v2\/categories?post=47513"},{"taxonomy":"post_tag","embeddable":true,"href":"https:\/\/www.sincomam.org.br\/index.php\/wp-json\/wp\/v2\/tags?post=47513"}],"curies":[{"name":"wp","href":"https:\/\/api.w.org\/{rel}","templated":true}]}}