{"id":47476,"date":"2023-09-18T07:17:29","date_gmt":"2023-09-18T10:17:29","guid":{"rendered":"http:\/\/www.sincomam.org.br\/?p=47476"},"modified":"2023-09-18T07:17:29","modified_gmt":"2023-09-18T10:17:29","slug":"antaq-e-giz-celebram-acordo-para-desenvolvimento-de-estudo-sobre-descarbonizacao-dos-portos","status":"publish","type":"post","link":"https:\/\/www.sincomam.org.br\/index.php\/antaq-e-giz-celebram-acordo-para-desenvolvimento-de-estudo-sobre-descarbonizacao-dos-portos\/","title":{"rendered":"Antaq e GIZ celebram acordo para desenvolvimento de estudo sobre descarboniza\u00e7\u00e3o dos portos"},"content":{"rendered":"<p>Ag\u00eancia Nacional de Transportes Aquavi\u00e1rios (Antaq) e a GIZ (Deutsche Gesellschaft f\u00fcr Internationale Zusammenarbeit) celebram nesta segunda-feira (18) um Acordo de Coopera\u00e7\u00e3o T\u00e9cnica (ACT) voltado ao desenvolvimento de projeto de descarboniza\u00e7\u00e3o no setor portu\u00e1rio. A iniciativa est\u00e1 inclusa no \u00e2mbito do projeto H2Uppp (International Hydrogen Ramp-Up Programme), financiado pelo Minist\u00e9rio da Economia e A\u00e7\u00e3o Clim\u00e1tica (BMWK) da Alemanha.<\/p>\n<p>O estudo que ser\u00e1 desenvolvido tem o objetivo de verificar a prepara\u00e7\u00e3o da infraestrutura portu\u00e1ria nacional para o recebimento de embarca\u00e7\u00f5es que trafegam com combust\u00edveis zero carbono, para o uso e exporta\u00e7\u00e3o do hidrog\u00eanio verde e seus derivados (PtX) e para o fornecimento de energia proveniente de fontes renov\u00e1veis para embarca\u00e7\u00f5es atracadas<\/p>\n<p>Outro ponto de destaque do trabalho ser\u00e1 o levantamento das medidas que j\u00e1 est\u00e3o sendo adotadas visando \u00e0 redu\u00e7\u00e3o de emiss\u00e3o de gases de efeito estufa pelas infraestruturas portu\u00e1rias brasileiras e seus projetos em hidrog\u00eanio verde.<\/p>\n<div id=\"beacon_d79a5661e6\"><\/div>\n<p>Ainda no dia 18, a Antaq, a Secretaria Nacional de Portos e Transportes Aquavi\u00e1rios do Minist\u00e9rio de Portos e Aeroportos, o projeto H2Uppp, a GIZ e a WayCarbon promovem um Workshop para engajamento e nivelamento do projeto. Estar\u00e3o presentes representantes de portos brasileiros.<\/p>\n<p>Fonte: Portos e Navios<\/p>\n","protected":false},"excerpt":{"rendered":"<p>Ag\u00eancia Nacional de Transportes Aquavi\u00e1rios (Antaq) e a GIZ (Deutsche Gesellschaft f\u00fcr Internationale Zusammenarbeit) celebram nesta segunda-feira (18) um Acordo de Coopera\u00e7\u00e3o T\u00e9cnica (ACT) voltado&#8230;<\/p>\n","protected":false},"author":1527,"featured_media":47477,"comment_status":"closed","ping_status":"closed","sticky":false,"template":"","format":"standard","meta":{"footnotes":""},"categories":[6],"tags":[],"class_list":["post-47476","post","type-post","status-publish","format-standard","has-post-thumbnail","hentry","category-noticias"],"_links":{"self":[{"href":"https:\/\/www.sincomam.org.br\/index.php\/wp-json\/wp\/v2\/posts\/47476","targetHints":{"allow":["GET"]}}],"collection":[{"href":"https:\/\/www.sincomam.org.br\/index.php\/wp-json\/wp\/v2\/posts"}],"about":[{"href":"https:\/\/www.sincomam.org.br\/index.php\/wp-json\/wp\/v2\/types\/post"}],"author":[{"embeddable":true,"href":"https:\/\/www.sincomam.org.br\/index.php\/wp-json\/wp\/v2\/users\/1527"}],"replies":[{"embeddable":true,"href":"https:\/\/www.sincomam.org.br\/index.php\/wp-json\/wp\/v2\/comments?post=47476"}],"version-history":[{"count":1,"href":"https:\/\/www.sincomam.org.br\/index.php\/wp-json\/wp\/v2\/posts\/47476\/revisions"}],"predecessor-version":[{"id":47478,"href":"https:\/\/www.sincomam.org.br\/index.php\/wp-json\/wp\/v2\/posts\/47476\/revisions\/47478"}],"wp:featuredmedia":[{"embeddable":true,"href":"https:\/\/www.sincomam.org.br\/index.php\/wp-json\/wp\/v2\/media\/47477"}],"wp:attachment":[{"href":"https:\/\/www.sincomam.org.br\/index.php\/wp-json\/wp\/v2\/media?parent=47476"}],"wp:term":[{"taxonomy":"category","embeddable":true,"href":"https:\/\/www.sincomam.org.br\/index.php\/wp-json\/wp\/v2\/categories?post=47476"},{"taxonomy":"post_tag","embeddable":true,"href":"https:\/\/www.sincomam.org.br\/index.php\/wp-json\/wp\/v2\/tags?post=47476"}],"curies":[{"name":"wp","href":"https:\/\/api.w.org\/{rel}","templated":true}]}}