{"id":47465,"date":"2023-09-15T08:20:28","date_gmt":"2023-09-15T11:20:28","guid":{"rendered":"http:\/\/www.sincomam.org.br\/?p=47465"},"modified":"2023-09-15T08:20:28","modified_gmt":"2023-09-15T11:20:28","slug":"marinha-realiza-manutencao-na-estrutura-do-farol-de-salinopolis-pa","status":"publish","type":"post","link":"https:\/\/www.sincomam.org.br\/index.php\/marinha-realiza-manutencao-na-estrutura-do-farol-de-salinopolis-pa\/","title":{"rendered":"Marinha realiza manuten\u00e7\u00e3o na estrutura do Farol de Salin\u00f3polis (PA)"},"content":{"rendered":"<p>Em meio \u00e0 brisa suave que acaricia o litoral paraense, ergue-se majestosamente o\u00a0Farol de Salin\u00f3polis, uma estrutura que h\u00e1 d\u00e9cadas serve como um farol guia para navegadores e um s\u00edmbolo de seguran\u00e7a e tradi\u00e7\u00e3o para os habitantes locais. Recentemente, o Centro de Hidrografia e Navega\u00e7\u00e3o do Norte (CHN-4) dedicou-se a revitalizar e manter este monumento hist\u00f3rico, garantindo que continue a brilhar como um farol de esperan\u00e7a e seguran\u00e7a para todos que navegam nas \u00e1guas circundantes.<\/p>\n<h3><strong>Uma Jornada atrav\u00e9s do Tempo<\/strong><\/h3>\n<p>A hist\u00f3ria do\u00a0Farol de Salin\u00f3polis\u00a0\u00e9 uma tape\u00e7aria rica e complexa, entrela\u00e7ada com a pr\u00f3pria hist\u00f3ria da regi\u00e3o. Originalmente situado em um rochedo do Rio Gurupi, na divisa entre Par\u00e1 e Maranh\u00e3o, o farol come\u00e7ou sua jornada como uma estrutura a g\u00e1s, iluminando a ponta leste da ilha Ape\u00fa. No entanto, a necessidade de uma presen\u00e7a mais proeminente levou ao seu deslocamento para Salinas, substituindo o farol anterior que marcava a praia do Atalaia.<\/p>\n<p>Sob a supervis\u00e3o do Comandante Bogado de Oliveira, ent\u00e3o Capit\u00e3o dos Portos do Par\u00e1, a estrutura foi cuidadosamente desmontada e remontada em seu novo lar, onde passou a servir como um farol e, posteriormente, como um radiofarol, auxiliando na comunica\u00e7\u00e3o e navega\u00e7\u00e3o mar\u00edtima. Esta mudan\u00e7a n\u00e3o foi apenas f\u00edsica, mas simb\u00f3lica, marcando uma nova era de inova\u00e7\u00e3o e progresso na regi\u00e3o.<\/p>\n<div class=\"td-a-rec td-a-rec-id-content_inline td_uid_2_65035877e5728_rand td_block_template_11\">\n<p><strong>A Renova\u00e7\u00e3o de um \u00cdcone<\/strong><\/p>\n<\/div>\n<p>Inaugurado em 8 de mar\u00e7o de 1852, o farol original funcionou at\u00e9 1937, quando foi substitu\u00eddo por uma nova torre de arma\u00e7\u00e3o met\u00e1lica, elevando-se a uma altura impressionante de 32 metros. Esta nova estrutura, inaugurada em 23 de agosto de 1937, n\u00e3o apenas revitalizou o farol, mas tamb\u00e9m solidificou seu lugar como um \u00edcone duradouro na paisagem de Salin\u00f3polis.<\/p>\n<p>A recente iniciativa de manuten\u00e7\u00e3o e revitaliza\u00e7\u00e3o, que ocorreu entre 28 de agosto e 11 de setembro, \u00e9 um testemunho do compromisso cont\u00ednuo com a preserva\u00e7\u00e3o e celebra\u00e7\u00e3o deste monumento hist\u00f3rico. Atrav\u00e9s destes esfor\u00e7os, o\u00a0Farol de Salin\u00f3polis\u00a0promete continuar a ser um farol de luz e seguran\u00e7a, guiando os navegadores com sua luz constante e servindo como um lembrete da rica hist\u00f3ria mar\u00edtima da regi\u00e3o.<\/p>\n<h3><strong>Um Farol de Esperan\u00e7a e Hist\u00f3ria<\/strong><\/h3>\n<p>Hoje, o\u00a0Farol de Salin\u00f3polis\u00a0permanece como um testemunho vivo da rica tape\u00e7aria hist\u00f3rica que comp\u00f5e a regi\u00e3o Norte do Brasil. Sua presen\u00e7a cont\u00ednua \u00e9 um lembrete da dedica\u00e7\u00e3o e do esfor\u00e7o cont\u00ednuo para garantir a seguran\u00e7a e a prosperidade da navega\u00e7\u00e3o no litoral paraense.<\/p>\n<p>Ao visitar Salin\u00f3polis, n\u00e3o se pode deixar de sentir uma sensa\u00e7\u00e3o de admira\u00e7\u00e3o e respeito por este monumento hist\u00f3rico, que tem servido diligentemente \u00e0 comunidade mar\u00edtima por quase dois s\u00e9culos. Que continue a brilhar como um s\u00edmbolo de esperan\u00e7a, seguran\u00e7a e hist\u00f3ria, guiando os navegadores com sua luz brilhante e servindo como um lembrete da rica heran\u00e7a mar\u00edtima que define esta bela regi\u00e3o.<\/p>\n<p>Fonte: Defesa em Foco<\/p>\n","protected":false},"excerpt":{"rendered":"<p>Em meio \u00e0 brisa suave que acaricia o litoral paraense, ergue-se majestosamente o\u00a0Farol de Salin\u00f3polis, uma estrutura que h\u00e1 d\u00e9cadas serve como um farol guia&#8230;<\/p>\n","protected":false},"author":1527,"featured_media":47466,"comment_status":"closed","ping_status":"closed","sticky":false,"template":"","format":"standard","meta":{"footnotes":""},"categories":[6],"tags":[],"class_list":["post-47465","post","type-post","status-publish","format-standard","has-post-thumbnail","hentry","category-noticias"],"_links":{"self":[{"href":"https:\/\/www.sincomam.org.br\/index.php\/wp-json\/wp\/v2\/posts\/47465","targetHints":{"allow":["GET"]}}],"collection":[{"href":"https:\/\/www.sincomam.org.br\/index.php\/wp-json\/wp\/v2\/posts"}],"about":[{"href":"https:\/\/www.sincomam.org.br\/index.php\/wp-json\/wp\/v2\/types\/post"}],"author":[{"embeddable":true,"href":"https:\/\/www.sincomam.org.br\/index.php\/wp-json\/wp\/v2\/users\/1527"}],"replies":[{"embeddable":true,"href":"https:\/\/www.sincomam.org.br\/index.php\/wp-json\/wp\/v2\/comments?post=47465"}],"version-history":[{"count":1,"href":"https:\/\/www.sincomam.org.br\/index.php\/wp-json\/wp\/v2\/posts\/47465\/revisions"}],"predecessor-version":[{"id":47467,"href":"https:\/\/www.sincomam.org.br\/index.php\/wp-json\/wp\/v2\/posts\/47465\/revisions\/47467"}],"wp:featuredmedia":[{"embeddable":true,"href":"https:\/\/www.sincomam.org.br\/index.php\/wp-json\/wp\/v2\/media\/47466"}],"wp:attachment":[{"href":"https:\/\/www.sincomam.org.br\/index.php\/wp-json\/wp\/v2\/media?parent=47465"}],"wp:term":[{"taxonomy":"category","embeddable":true,"href":"https:\/\/www.sincomam.org.br\/index.php\/wp-json\/wp\/v2\/categories?post=47465"},{"taxonomy":"post_tag","embeddable":true,"href":"https:\/\/www.sincomam.org.br\/index.php\/wp-json\/wp\/v2\/tags?post=47465"}],"curies":[{"name":"wp","href":"https:\/\/api.w.org\/{rel}","templated":true}]}}