{"id":47454,"date":"2023-09-15T08:13:10","date_gmt":"2023-09-15T11:13:10","guid":{"rendered":"http:\/\/www.sincomam.org.br\/?p=47454"},"modified":"2023-09-15T08:13:10","modified_gmt":"2023-09-15T11:13:10","slug":"maersk-nomeia-primeiro-porta-conteineres-do-mundo-movido-a-metanol","status":"publish","type":"post","link":"https:\/\/www.sincomam.org.br\/index.php\/maersk-nomeia-primeiro-porta-conteineres-do-mundo-movido-a-metanol\/","title":{"rendered":"Maersk nomeia primeiro porta-cont\u00eaineres do mundo movido a metanol"},"content":{"rendered":"<p>O primeiro navio porta-cont\u00eaineres do mundo movido a metanol ter\u00e1 o nome \u201cLaura M\u00e6rsk\u201d, informou a presidente da Comiss\u00e3o Europeia, Ursula von der Leyen, que liderou a cerim\u00f4nia em Copenhagen, nesta quinta-feira (14). \u201cLaura M\u00e6rsk \u00e9 um marco hist\u00f3rico para o transporte mar\u00edtimo em todo o mundo. Mostra o esp\u00edrito empreendedor que caracteriza a Maersk desde a funda\u00e7\u00e3o da empresa. No entanto, mais importante ainda, este navio \u00e9 uma prova muito real de que quando n\u00f3s, como ind\u00fastria, nos unimos atrav\u00e9s de esfor\u00e7os e parcerias intencionais, surge um caminho tang\u00edvel e optimista para um futuro sustent\u00e1vel. Este novo navio verde \u00e9 o avan\u00e7o que precis\u00e1vamos, mas ainda temos um longo caminho a percorrer antes de chegarmos a zero\u201d, disse o CEO da companhia, Vincent Clerc.<\/p>\n<p>\u201cLaura\u201d \u00e9 o nome do primeiro navio da Maersk, adquirido em 1886 pelo capit\u00e3o Peter Maersk Moller.<\/p>\n<p>A Maersk tem uma meta ambiciosa para 2040 de atingir emiss\u00f5es l\u00edquidas zero de gases de efeito estufa e pretende transportar um m\u00ednimo de 25% da carga oce\u00e2nica usando combust\u00edveis verdes at\u00e9 2030. O navio alimentador de 2.100 TEUs \u00e9 um passo importante em dire\u00e7\u00e3o ao objetivo de longo prazo de renovar gradualmente toda a frota da Maersk para operar exclusivamente com combust\u00edveis verdes.<\/p>\n<p>A Maersk tem mais 24 navios de metanol encomendados para entrega entre 2024 e 2027 e uma pol\u00edtica de encomendar apenas novos navios que venham com uma op\u00e7\u00e3o de combust\u00edvel verde.<\/p>\n<p>Fonte: Portos e Navios<\/p>\n","protected":false},"excerpt":{"rendered":"<p>O primeiro navio porta-cont\u00eaineres do mundo movido a metanol ter\u00e1 o nome \u201cLaura M\u00e6rsk\u201d, informou a presidente da Comiss\u00e3o Europeia, Ursula von der Leyen, que&#8230;<\/p>\n","protected":false},"author":1527,"featured_media":47455,"comment_status":"closed","ping_status":"closed","sticky":false,"template":"","format":"standard","meta":{"footnotes":""},"categories":[6],"tags":[],"class_list":["post-47454","post","type-post","status-publish","format-standard","has-post-thumbnail","hentry","category-noticias"],"_links":{"self":[{"href":"https:\/\/www.sincomam.org.br\/index.php\/wp-json\/wp\/v2\/posts\/47454","targetHints":{"allow":["GET"]}}],"collection":[{"href":"https:\/\/www.sincomam.org.br\/index.php\/wp-json\/wp\/v2\/posts"}],"about":[{"href":"https:\/\/www.sincomam.org.br\/index.php\/wp-json\/wp\/v2\/types\/post"}],"author":[{"embeddable":true,"href":"https:\/\/www.sincomam.org.br\/index.php\/wp-json\/wp\/v2\/users\/1527"}],"replies":[{"embeddable":true,"href":"https:\/\/www.sincomam.org.br\/index.php\/wp-json\/wp\/v2\/comments?post=47454"}],"version-history":[{"count":1,"href":"https:\/\/www.sincomam.org.br\/index.php\/wp-json\/wp\/v2\/posts\/47454\/revisions"}],"predecessor-version":[{"id":47456,"href":"https:\/\/www.sincomam.org.br\/index.php\/wp-json\/wp\/v2\/posts\/47454\/revisions\/47456"}],"wp:featuredmedia":[{"embeddable":true,"href":"https:\/\/www.sincomam.org.br\/index.php\/wp-json\/wp\/v2\/media\/47455"}],"wp:attachment":[{"href":"https:\/\/www.sincomam.org.br\/index.php\/wp-json\/wp\/v2\/media?parent=47454"}],"wp:term":[{"taxonomy":"category","embeddable":true,"href":"https:\/\/www.sincomam.org.br\/index.php\/wp-json\/wp\/v2\/categories?post=47454"},{"taxonomy":"post_tag","embeddable":true,"href":"https:\/\/www.sincomam.org.br\/index.php\/wp-json\/wp\/v2\/tags?post=47454"}],"curies":[{"name":"wp","href":"https:\/\/api.w.org\/{rel}","templated":true}]}}