{"id":47433,"date":"2023-09-14T09:53:27","date_gmt":"2023-09-14T12:53:27","guid":{"rendered":"http:\/\/www.sincomam.org.br\/?p=47433"},"modified":"2023-09-14T09:53:27","modified_gmt":"2023-09-14T12:53:27","slug":"silvio-costa-filho-assume-ministerio-de-portos-e-aeroportos","status":"publish","type":"post","link":"https:\/\/www.sincomam.org.br\/index.php\/silvio-costa-filho-assume-ministerio-de-portos-e-aeroportos\/","title":{"rendered":"Silvio Costa Filho assume Minist\u00e9rio de Portos e Aeroportos"},"content":{"rendered":"<p>O governo formalizou, nesta quarta-feira (13), a troca no comando do Minist\u00e9rio de Portos e Aeroportos (MPor). O presidente Luiz In\u00e1cio Lula da Silva (PT) nomeou o deputado Silvio Costa Filho (Republicanos-PE) para chefiar a pasta no lugar de M\u00e1rcio Fran\u00e7a (PSB), conforme anunciado oficialmente na semana passada. Em ato cont\u00ednuo \u00e0 exoneta\u00e7\u00e3o do MPor, Lula nomeou Fran\u00e7a para o cargo de ministro do Empreendedorismo, da Microempresa e da Empresa de Pequeno Porte, criada hoje por meio de medida provis\u00f3ria. Os decretos foram publicados hoje no Di\u00e1rio Oficial da Uni\u00e3o em edi\u00e7\u00e3o extraordin\u00e1ria, assim como a MP de cria\u00e7\u00e3o do minist\u00e9rio rec\u00e9m-criado que ser\u00e1 encaminhada ao Congresso.<\/p>\n<p>Costa Filho prometeu di\u00e1logo com o setor produtivo e a constru\u00e7\u00e3o de agenda para hidrovias. O discurso ocorreu durante a transmiss\u00e3o de cargo, realizada na tarde desta quarta-feira (13).\u00a0Na manh\u00e3 de hoje,\u00a0Lula havia empossado os ministros em cerim\u00f4nia discreta (<em>foto: Ricardo Stuckert\/Divulga\u00e7\u00e3o<\/em>).\u00a0A substitui\u00e7\u00e3o faz parte da reforma ministerial para acomodar nomes do Centr\u00e3o que vinha sendo discutida por governistas e partidos de centro nos \u00faltimos meses. A reforma tamb\u00e9m envolveu a escolha do deputado Andr\u00e9 Fufuca (PP-MA) para o Minist\u00e9rio do Esporte, no lugar da ex-jogadora de v\u00f4lei Ana Moser.<\/p>\n<p>O novo ministro de Portos e Aeroportos \u00e9 pedagogo de forma\u00e7\u00e3o, natural do Recife, tem 41 anos, \u00e9 casado e pai de dois filhos. Em 2004, quando come\u00e7ou sua atua\u00e7\u00e3o pol\u00edtica, foi eleito o vereador mais jovem da capital pernambucana, com 21 anos. Em 2006, foi eleito deputado estadual, tendo sido reeleito em 2010 e 2014. Costa Filho tamb\u00e9m foi secret\u00e1rio estadual de Turismo durante o governo de Eduardo Campos (PSB) e agora est\u00e1 licenciado do seu 2\u00ba mandato como deputado federal, no qual era titular da Comiss\u00e3o de Constitui\u00e7\u00e3o, Justi\u00e7a e Cidadania (CCJC).<\/p>\n<p>Fonte: Portos e Navios<\/p>\n","protected":false},"excerpt":{"rendered":"<p>O governo formalizou, nesta quarta-feira (13), a troca no comando do Minist\u00e9rio de Portos e Aeroportos (MPor). O presidente Luiz In\u00e1cio Lula da Silva (PT)&#8230;<\/p>\n","protected":false},"author":1527,"featured_media":47434,"comment_status":"closed","ping_status":"closed","sticky":false,"template":"","format":"standard","meta":{"footnotes":""},"categories":[6],"tags":[],"class_list":["post-47433","post","type-post","status-publish","format-standard","has-post-thumbnail","hentry","category-noticias"],"_links":{"self":[{"href":"https:\/\/www.sincomam.org.br\/index.php\/wp-json\/wp\/v2\/posts\/47433","targetHints":{"allow":["GET"]}}],"collection":[{"href":"https:\/\/www.sincomam.org.br\/index.php\/wp-json\/wp\/v2\/posts"}],"about":[{"href":"https:\/\/www.sincomam.org.br\/index.php\/wp-json\/wp\/v2\/types\/post"}],"author":[{"embeddable":true,"href":"https:\/\/www.sincomam.org.br\/index.php\/wp-json\/wp\/v2\/users\/1527"}],"replies":[{"embeddable":true,"href":"https:\/\/www.sincomam.org.br\/index.php\/wp-json\/wp\/v2\/comments?post=47433"}],"version-history":[{"count":1,"href":"https:\/\/www.sincomam.org.br\/index.php\/wp-json\/wp\/v2\/posts\/47433\/revisions"}],"predecessor-version":[{"id":47435,"href":"https:\/\/www.sincomam.org.br\/index.php\/wp-json\/wp\/v2\/posts\/47433\/revisions\/47435"}],"wp:featuredmedia":[{"embeddable":true,"href":"https:\/\/www.sincomam.org.br\/index.php\/wp-json\/wp\/v2\/media\/47434"}],"wp:attachment":[{"href":"https:\/\/www.sincomam.org.br\/index.php\/wp-json\/wp\/v2\/media?parent=47433"}],"wp:term":[{"taxonomy":"category","embeddable":true,"href":"https:\/\/www.sincomam.org.br\/index.php\/wp-json\/wp\/v2\/categories?post=47433"},{"taxonomy":"post_tag","embeddable":true,"href":"https:\/\/www.sincomam.org.br\/index.php\/wp-json\/wp\/v2\/tags?post=47433"}],"curies":[{"name":"wp","href":"https:\/\/api.w.org\/{rel}","templated":true}]}}