{"id":47430,"date":"2023-09-14T09:51:44","date_gmt":"2023-09-14T12:51:44","guid":{"rendered":"http:\/\/www.sincomam.org.br\/?p=47430"},"modified":"2023-09-14T09:51:44","modified_gmt":"2023-09-14T12:51:44","slug":"circuito-saude-nos-portos-reforca-cuidados-de-saude-no-porto-do-rio-de-janeiro","status":"publish","type":"post","link":"https:\/\/www.sincomam.org.br\/index.php\/circuito-saude-nos-portos-reforca-cuidados-de-saude-no-porto-do-rio-de-janeiro\/","title":{"rendered":"Circuito &#8216;Sa\u00fade nos Portos&#8217; refor\u00e7a cuidados de sa\u00fade no Porto do Rio de Janeiro"},"content":{"rendered":"<p>Nos dias 19 e 20 de setembro, o Porto do Rio de Janeiro receber\u00e1 mais uma edi\u00e7\u00e3o do projeto &#8216;Sa\u00fade nos Portos&#8217;. Esta campanha nacional \u00e9 coordenada pelo Servi\u00e7o Social do Transporte (SEST\/SENAT) em colabora\u00e7\u00e3o com a Secretaria Nacional de Portos e Transportes Aquavi\u00e1rios (SNPTA). Seu prop\u00f3sito \u00e9 promover medidas preventivas, de sa\u00fade e bem-estar direcionadas aos trabalhadores portu\u00e1rios e caminhoneiros. Os atendimentos ocorrer\u00e3o no Port\u00e3o 24 do porto, das 9h \u00e0s 15h.<\/p>\n<p>O circuito oferecer\u00e1 orienta\u00e7\u00e3o especializada nas \u00e1reas de Odontologia, Psicologia, Fisioterapia, Nutri\u00e7\u00e3o e Esporte e Lazer. Al\u00e9m disso, os profissionais fornecer\u00e3o informa\u00e7\u00f5es sobre sa\u00fade, qualidade de vida e seguran\u00e7a no trabalho, com o objetivo de reduzir acidentes nas estradas e portos, prevenir doen\u00e7as e incentivar a ado\u00e7\u00e3o de h\u00e1bitos saud\u00e1veis.<\/p>\n<p>No Porto do Rio de Janeiro, o evento conta com o apoio da PortosRio, a autoridade portu\u00e1ria respons\u00e1vel pela administra\u00e7\u00e3o do porto, e da Guarda Portu\u00e1ria, juntamente com o \u00d3rg\u00e3o Gestor de M\u00e3o de Obra (Ogmo), o Sindicato dos Operadores Portu\u00e1rios do Estado do Rio de Janeiro (Sindoperj), as arrendat\u00e1rias Multiterminais, Rio Brasil Terminal e Triunfo Log\u00edstica, e as operadoras Pennant e Ultracargo.<\/p>\n<p>Fonte: Portos e Navios<\/p>\n","protected":false},"excerpt":{"rendered":"<p>Nos dias 19 e 20 de setembro, o Porto do Rio de Janeiro receber\u00e1 mais uma edi\u00e7\u00e3o do projeto &#8216;Sa\u00fade nos Portos&#8217;. Esta campanha nacional&#8230;<\/p>\n","protected":false},"author":1527,"featured_media":47431,"comment_status":"closed","ping_status":"closed","sticky":false,"template":"","format":"standard","meta":{"footnotes":""},"categories":[6],"tags":[],"class_list":["post-47430","post","type-post","status-publish","format-standard","has-post-thumbnail","hentry","category-noticias"],"_links":{"self":[{"href":"https:\/\/www.sincomam.org.br\/index.php\/wp-json\/wp\/v2\/posts\/47430","targetHints":{"allow":["GET"]}}],"collection":[{"href":"https:\/\/www.sincomam.org.br\/index.php\/wp-json\/wp\/v2\/posts"}],"about":[{"href":"https:\/\/www.sincomam.org.br\/index.php\/wp-json\/wp\/v2\/types\/post"}],"author":[{"embeddable":true,"href":"https:\/\/www.sincomam.org.br\/index.php\/wp-json\/wp\/v2\/users\/1527"}],"replies":[{"embeddable":true,"href":"https:\/\/www.sincomam.org.br\/index.php\/wp-json\/wp\/v2\/comments?post=47430"}],"version-history":[{"count":1,"href":"https:\/\/www.sincomam.org.br\/index.php\/wp-json\/wp\/v2\/posts\/47430\/revisions"}],"predecessor-version":[{"id":47432,"href":"https:\/\/www.sincomam.org.br\/index.php\/wp-json\/wp\/v2\/posts\/47430\/revisions\/47432"}],"wp:featuredmedia":[{"embeddable":true,"href":"https:\/\/www.sincomam.org.br\/index.php\/wp-json\/wp\/v2\/media\/47431"}],"wp:attachment":[{"href":"https:\/\/www.sincomam.org.br\/index.php\/wp-json\/wp\/v2\/media?parent=47430"}],"wp:term":[{"taxonomy":"category","embeddable":true,"href":"https:\/\/www.sincomam.org.br\/index.php\/wp-json\/wp\/v2\/categories?post=47430"},{"taxonomy":"post_tag","embeddable":true,"href":"https:\/\/www.sincomam.org.br\/index.php\/wp-json\/wp\/v2\/tags?post=47430"}],"curies":[{"name":"wp","href":"https:\/\/api.w.org\/{rel}","templated":true}]}}