{"id":47418,"date":"2023-09-13T08:17:14","date_gmt":"2023-09-13T11:17:14","guid":{"rendered":"http:\/\/www.sincomam.org.br\/?p=47418"},"modified":"2023-09-13T08:17:14","modified_gmt":"2023-09-13T11:17:14","slug":"porto-de-cabedelo-conclui-dragagem-e-aumenta-calado","status":"publish","type":"post","link":"https:\/\/www.sincomam.org.br\/index.php\/porto-de-cabedelo-conclui-dragagem-e-aumenta-calado\/","title":{"rendered":"Porto de Cabedelo conclui dragagem e aumenta calado"},"content":{"rendered":"<p>Foi inaugurada nesta semana, a obra de dragagem do canal de acesso e bacia de evolu\u00e7\u00e3o do Porto de Cabedelo, em Jo\u00e3o Pessoa. Agora, o terminal poder\u00e1 receber navios de at\u00e9 55 mil toneladas.<\/p>\n<p>Com a obra, o calado passa de 9,14 metros para 11 metros de profundidade.<\/p>\n<p>Entre os objetivos estabelecidos com a mudan\u00e7a, est\u00e1 o de tornar o porto mais competitivo. R$ 120 milh\u00f5es foram investidos, com recursos pr\u00f3prios do governo da Para\u00edba.<\/p>\n<div id=\"beacon_85f9af02ec\"><\/div>\n<p>Durante a cerim\u00f4nia realizada, tamb\u00e9m foram entregues dois armaz\u00e9ns, que passaram por reformas ao custo de R$ 5 milh\u00f5es. O porto lan\u00e7ou ainda o programa \u201cPorto Cidade\u201d, com o objetivo de promover desenvolvimento social dos trabalhadores e toda a comunidade de Cabedelo nas \u00e1reas de educa\u00e7\u00e3o, cultura, tecnologia, sustentabilidade e sa\u00fade.<\/p>\n<p>Fonte: Portos e Navios<\/p>\n","protected":false},"excerpt":{"rendered":"<p>Foi inaugurada nesta semana, a obra de dragagem do canal de acesso e bacia de evolu\u00e7\u00e3o do Porto de Cabedelo, em Jo\u00e3o Pessoa. Agora, o&#8230;<\/p>\n","protected":false},"author":1527,"featured_media":47419,"comment_status":"closed","ping_status":"closed","sticky":false,"template":"","format":"standard","meta":{"footnotes":""},"categories":[6],"tags":[],"class_list":["post-47418","post","type-post","status-publish","format-standard","has-post-thumbnail","hentry","category-noticias"],"_links":{"self":[{"href":"https:\/\/www.sincomam.org.br\/index.php\/wp-json\/wp\/v2\/posts\/47418","targetHints":{"allow":["GET"]}}],"collection":[{"href":"https:\/\/www.sincomam.org.br\/index.php\/wp-json\/wp\/v2\/posts"}],"about":[{"href":"https:\/\/www.sincomam.org.br\/index.php\/wp-json\/wp\/v2\/types\/post"}],"author":[{"embeddable":true,"href":"https:\/\/www.sincomam.org.br\/index.php\/wp-json\/wp\/v2\/users\/1527"}],"replies":[{"embeddable":true,"href":"https:\/\/www.sincomam.org.br\/index.php\/wp-json\/wp\/v2\/comments?post=47418"}],"version-history":[{"count":1,"href":"https:\/\/www.sincomam.org.br\/index.php\/wp-json\/wp\/v2\/posts\/47418\/revisions"}],"predecessor-version":[{"id":47420,"href":"https:\/\/www.sincomam.org.br\/index.php\/wp-json\/wp\/v2\/posts\/47418\/revisions\/47420"}],"wp:featuredmedia":[{"embeddable":true,"href":"https:\/\/www.sincomam.org.br\/index.php\/wp-json\/wp\/v2\/media\/47419"}],"wp:attachment":[{"href":"https:\/\/www.sincomam.org.br\/index.php\/wp-json\/wp\/v2\/media?parent=47418"}],"wp:term":[{"taxonomy":"category","embeddable":true,"href":"https:\/\/www.sincomam.org.br\/index.php\/wp-json\/wp\/v2\/categories?post=47418"},{"taxonomy":"post_tag","embeddable":true,"href":"https:\/\/www.sincomam.org.br\/index.php\/wp-json\/wp\/v2\/tags?post=47418"}],"curies":[{"name":"wp","href":"https:\/\/api.w.org\/{rel}","templated":true}]}}