{"id":47409,"date":"2023-09-13T07:47:53","date_gmt":"2023-09-13T10:47:53","guid":{"rendered":"http:\/\/www.sincomam.org.br\/?p=47409"},"modified":"2023-09-13T07:47:53","modified_gmt":"2023-09-13T10:47:53","slug":"canal-do-panama-atingido-pela-seca-pode-reduzir-ainda-mais-os-transitos-diarios","status":"publish","type":"post","link":"https:\/\/www.sincomam.org.br\/index.php\/canal-do-panama-atingido-pela-seca-pode-reduzir-ainda-mais-os-transitos-diarios\/","title":{"rendered":"Canal do Panam\u00e1 atingido pela seca pode reduzir ainda mais os tr\u00e2nsitos di\u00e1rios"},"content":{"rendered":"<p>O Canal do Panam\u00e1 pode reduzir ainda mais o n\u00famero m\u00e1ximo de tr\u00e2nsitos de navios autorizados por dia se a seca que atingiu a hidrovia este ano continuar, disse seu administrador nesta ter\u00e7a-feira (12).<\/p>\n<p>O canal come\u00e7ou a restringir o calado dos navios para conservar a \u00e1gua, o que desencadeou um ac\u00famulo de embarca\u00e7\u00f5es \u00e0 espera para passar pela principal via transoce\u00e2nica global, que movimenta cerca de 5% do com\u00e9rcio mundial.<\/p>\n<p>As medidas for\u00e7aram muitos navios a aliviar as cargas antes de passarem e contribu\u00edram para custos de frete mais caros antes da aproxima\u00e7\u00e3o da \u00e9poca do Natal.<\/p>\n<div id=\"beacon_0c9d2c156e\"><\/div>\n<p>Atualmente , at\u00e9 32 navios est\u00e3o autorizados a transitar todos os dias, dos 36 navios em condi\u00e7\u00f5es normais. O calado do navio tamb\u00e9m foi limitado no in\u00edcio deste ano a um m\u00e1ximo de 13,4 metros.<\/p>\n<p>Numa medida para aliviar o congestionamento de navios em espera, o canal alterou recentemente o seu sistema de reservas para permitir a passagem de mais navios n\u00e3o reservados e para dar prioridade aos navios que aguardam h\u00e1 mais tempo.<\/p>\n<p>Nesta ter\u00e7a-feira, um total de 116 navios aguardavam para passar no Panam\u00e1, em compara\u00e7\u00e3o com mais de 160 no in\u00edcio de agosto, segundo dados oficiais. O tempo m\u00e1ximo de espera foi reduzido para 14 dias, disse Vasquez, em rela\u00e7\u00e3o aos 21 dias do m\u00eas anterior.<\/p>\n<p>O chefe da Autoridade do Canal do Panam\u00e1, Ricaurte Vasquez, disse que a hidrovia optaria por reduzir os tr\u00e2nsitos di\u00e1rios, se necess\u00e1rio, antes de planejar qualquer corte adicional no calado autorizado dos navios, o que afeta mais os embarcadores.<\/p>\n<p>Fonte: Portos e Navios<\/p>\n","protected":false},"excerpt":{"rendered":"<p>O Canal do Panam\u00e1 pode reduzir ainda mais o n\u00famero m\u00e1ximo de tr\u00e2nsitos de navios autorizados por dia se a seca que atingiu a hidrovia&#8230;<\/p>\n","protected":false},"author":1527,"featured_media":47410,"comment_status":"closed","ping_status":"closed","sticky":false,"template":"","format":"standard","meta":{"footnotes":""},"categories":[6],"tags":[],"class_list":["post-47409","post","type-post","status-publish","format-standard","has-post-thumbnail","hentry","category-noticias"],"_links":{"self":[{"href":"https:\/\/www.sincomam.org.br\/index.php\/wp-json\/wp\/v2\/posts\/47409","targetHints":{"allow":["GET"]}}],"collection":[{"href":"https:\/\/www.sincomam.org.br\/index.php\/wp-json\/wp\/v2\/posts"}],"about":[{"href":"https:\/\/www.sincomam.org.br\/index.php\/wp-json\/wp\/v2\/types\/post"}],"author":[{"embeddable":true,"href":"https:\/\/www.sincomam.org.br\/index.php\/wp-json\/wp\/v2\/users\/1527"}],"replies":[{"embeddable":true,"href":"https:\/\/www.sincomam.org.br\/index.php\/wp-json\/wp\/v2\/comments?post=47409"}],"version-history":[{"count":1,"href":"https:\/\/www.sincomam.org.br\/index.php\/wp-json\/wp\/v2\/posts\/47409\/revisions"}],"predecessor-version":[{"id":47411,"href":"https:\/\/www.sincomam.org.br\/index.php\/wp-json\/wp\/v2\/posts\/47409\/revisions\/47411"}],"wp:featuredmedia":[{"embeddable":true,"href":"https:\/\/www.sincomam.org.br\/index.php\/wp-json\/wp\/v2\/media\/47410"}],"wp:attachment":[{"href":"https:\/\/www.sincomam.org.br\/index.php\/wp-json\/wp\/v2\/media?parent=47409"}],"wp:term":[{"taxonomy":"category","embeddable":true,"href":"https:\/\/www.sincomam.org.br\/index.php\/wp-json\/wp\/v2\/categories?post=47409"},{"taxonomy":"post_tag","embeddable":true,"href":"https:\/\/www.sincomam.org.br\/index.php\/wp-json\/wp\/v2\/tags?post=47409"}],"curies":[{"name":"wp","href":"https:\/\/api.w.org\/{rel}","templated":true}]}}