{"id":47405,"date":"2023-09-13T09:20:29","date_gmt":"2023-09-13T12:20:29","guid":{"rendered":"http:\/\/www.sincomam.org.br\/?p=47405"},"modified":"2023-09-13T09:01:46","modified_gmt":"2023-09-13T12:01:46","slug":"stf-valida-contribuicao-assistencial-para-sindicatos","status":"publish","type":"post","link":"https:\/\/www.sincomam.org.br\/index.php\/stf-valida-contribuicao-assistencial-para-sindicatos\/","title":{"rendered":"STF valida contribui\u00e7\u00e3o assistencial para sindicatos"},"content":{"rendered":"<p>O Supremo Tribunal Federal (STF) validou nesta segunda-feira (11) a legalidade da contribui\u00e7\u00e3o assistencial para custear o funcionamento de sindicatos.<img decoding=\"async\" src=\"https:\/\/agenciabrasil.ebc.com.br\/ebc.png?id=1554570&amp;o=node\" \/><\/p>\n<p>O caso espec\u00edfico julgado pela Corte trata da possibilidade de cobran\u00e7a nos casos de trabalhadores n\u00e3o filiados aos sindicatos e de forma obrigat\u00f3ria por meio de acordo e conven\u00e7\u00e3o coletiva de trabalho.<\/p>\n<p>A contribui\u00e7\u00e3o assistencial n\u00e3o se confunde com a contribui\u00e7\u00e3o sindical, mais conhecida como imposto sindical, que foi extinto com a reforma trabalhista de 2017 e n\u00e3o est\u00e1 sendo analisado pelos ministros neste julgamento.<\/p>\n<p>O julgamento foi iniciado em 2020 e, ap\u00f3s diversos pedidos de vista, foi finalizado hoje.<\/p>\n<p>A maioria dos ministros seguiu voto proferido pelo relator, ministro Gilmar Mendes, em 2020. Para o ministro, a cobran\u00e7a \u00e9 constitucional e uma tese deve ser definida para balizar o julgamento da quest\u00e3o pelo Judici\u00e1rio de todo o pa\u00eds.<\/p>\n<p>O caso voltou \u00e0 tona em fun\u00e7\u00e3o de um recurso apresentado pelos sindicatos envolvidos no julgamento. Na vota\u00e7\u00e3o, Mendes mudou seu entendimento em rela\u00e7\u00e3o ao julgamento da quest\u00e3o em 2017, quando o Supremo entendeu que a cobran\u00e7a da contribui\u00e7\u00e3o assistencial era inconstitucional.<\/p>\n<p>No entendimento de Mendes, a falta da cobran\u00e7a enfraquece o sistema sindical.<\/p>\n<p>O julgamento ocorreu no plen\u00e1rio virtual, modalidade na qual os ministros inserem os votos no sistema eletr\u00f4nico do STF e n\u00e3o h\u00e1 delibera\u00e7\u00e3o presencial.<\/p>\n<p>Fonte: Ag\u00eancia Brasil<\/p>\n","protected":false},"excerpt":{"rendered":"<p>O Supremo Tribunal Federal (STF) validou nesta segunda-feira (11) a legalidade da contribui\u00e7\u00e3o assistencial para custear o funcionamento de sindicatos. O caso espec\u00edfico julgado pela&#8230;<\/p>\n","protected":false},"author":1527,"featured_media":47406,"comment_status":"closed","ping_status":"closed","sticky":false,"template":"","format":"standard","meta":{"footnotes":""},"categories":[6],"tags":[],"class_list":["post-47405","post","type-post","status-publish","format-standard","has-post-thumbnail","hentry","category-noticias"],"_links":{"self":[{"href":"https:\/\/www.sincomam.org.br\/index.php\/wp-json\/wp\/v2\/posts\/47405","targetHints":{"allow":["GET"]}}],"collection":[{"href":"https:\/\/www.sincomam.org.br\/index.php\/wp-json\/wp\/v2\/posts"}],"about":[{"href":"https:\/\/www.sincomam.org.br\/index.php\/wp-json\/wp\/v2\/types\/post"}],"author":[{"embeddable":true,"href":"https:\/\/www.sincomam.org.br\/index.php\/wp-json\/wp\/v2\/users\/1527"}],"replies":[{"embeddable":true,"href":"https:\/\/www.sincomam.org.br\/index.php\/wp-json\/wp\/v2\/comments?post=47405"}],"version-history":[{"count":1,"href":"https:\/\/www.sincomam.org.br\/index.php\/wp-json\/wp\/v2\/posts\/47405\/revisions"}],"predecessor-version":[{"id":47407,"href":"https:\/\/www.sincomam.org.br\/index.php\/wp-json\/wp\/v2\/posts\/47405\/revisions\/47407"}],"wp:featuredmedia":[{"embeddable":true,"href":"https:\/\/www.sincomam.org.br\/index.php\/wp-json\/wp\/v2\/media\/47406"}],"wp:attachment":[{"href":"https:\/\/www.sincomam.org.br\/index.php\/wp-json\/wp\/v2\/media?parent=47405"}],"wp:term":[{"taxonomy":"category","embeddable":true,"href":"https:\/\/www.sincomam.org.br\/index.php\/wp-json\/wp\/v2\/categories?post=47405"},{"taxonomy":"post_tag","embeddable":true,"href":"https:\/\/www.sincomam.org.br\/index.php\/wp-json\/wp\/v2\/tags?post=47405"}],"curies":[{"name":"wp","href":"https:\/\/api.w.org\/{rel}","templated":true}]}}