{"id":47375,"date":"2023-09-11T09:14:28","date_gmt":"2023-09-11T12:14:28","guid":{"rendered":"http:\/\/www.sincomam.org.br\/?p=47375"},"modified":"2023-09-11T09:14:28","modified_gmt":"2023-09-11T12:14:28","slug":"no-g20-lula-cobra-recursos-de-paises-ricos-contra-aquecimento-global","status":"publish","type":"post","link":"https:\/\/www.sincomam.org.br\/index.php\/no-g20-lula-cobra-recursos-de-paises-ricos-contra-aquecimento-global\/","title":{"rendered":"No G20, Lula cobra recursos de pa\u00edses ricos contra aquecimento global"},"content":{"rendered":"<p>Os pa\u00edses mais ricos, que contribu\u00edram \u201chistoricamente\u201d mais para o aquecimento global, devem arcar com os maiores custos para combater o problema. Essa foi uma das cobran\u00e7as feitas pelo presidente Luiz In\u00e1cio Lula da Silva durante a abertura da\u00a0C\u00fapula do G20, neste s\u00e1bado (9). A reuni\u00e3o fez parte da sess\u00e3o intitulada \u201cUm planeta Terra\u201d no evento que \u00e9 realizado em Nova D\u00e9li, na \u00cdndia.<img decoding=\"async\" src=\"https:\/\/agenciabrasil.ebc.com.br\/ebc.png?id=1554125&amp;o=node\" \/><img decoding=\"async\" src=\"https:\/\/agenciabrasil.ebc.com.br\/ebc.gif?id=1554125&amp;o=node\" \/><\/p>\n<p>O presidente exemplificou que as mudan\u00e7as clim\u00e1ticas, neste momento, afetam o estado do Rio Grande do Sul, com a passagem de um ciclone que deixa desabrigados e mortos. Ele pontuou ainda que os efeitos da mudan\u00e7a do clima t\u00eam mais consequ\u00eancias para grupos vulnerabilizados. \u201cS\u00e3o os mais pobres, mulheres, ind\u00edgenas, idosos, crian\u00e7as, jovens e migrantes, os mais impactados.\u201d<\/p>\n<p>De acordo com o\u00a0\u00faltimo balan\u00e7o da Defesa Civil do Rio Grande do Sul, foram confirmadas 41 mortes e o n\u00famero de desaparecidos subiu para 46 pessoas. A estimativa do governo estadual \u00e9 que mais de 120 mil pessoas tenham sido afetadas.<\/p>\n<p>Para Lula, a falta de compromisso dos mais ricos gerou uma d\u00edvida \u201cacumulada ao longo de dois s\u00e9culos\u201d. \u201cDesde a COP [Confer\u00eancia das Partes] de Copenhague, [em 2009], os pa\u00edses ricos deveriam prover 100 bilh\u00f5es de d\u00f3lares por ano em financiamento clim\u00e1tico novo e adicional aos pa\u00edses em desenvolvimento. Essa promessa nunca foi cumprida\u201d.<\/p>\n<h2>Emerg\u00eancia clim\u00e1tica<\/h2>\n<p>Lula alertou que a falta de compromisso mundial com o meio ambiente levou a uma \u201cemerg\u00eancia clim\u00e1tica sem precedentes\u201d. \u201cSe n\u00e3o agirmos com sentido de urg\u00eancia, esses impactos ser\u00e3o irrevers\u00edveis\u201d, apontou. O discurso lido no evento refor\u00e7ou que o aquecimento global modifica o regime de chuvas e eleva o n\u00edvel dos mares. \u201cAs secas, enchentes, tempestades e queimadas se tornam mais frequentes e minam a seguran\u00e7a alimentar e energ\u00e9tica.\u201d<\/p>\n<p>Outra cr\u00edtica feita pelo presidente \u00e9 que os pa\u00edses mais ricos n\u00e3o podem ficar transferindo responsabilidades para as na\u00e7\u00f5es do hemisf\u00e9rio Sul. \u201cDe nada adiantar\u00e1 o mundo rico chegar \u00e0s COPs do futuro vangloriando-se das suas redu\u00e7\u00f5es nas emiss\u00f5es de carbono se as responsabilidades continuarem sendo transferidas para o Sul Global\u201d.<\/p>\n<p>Lula avalia que n\u00e3o faltam recursos tendo em vista o gasto com armas. \u201cAno passado, o mundo gastou 2,24 trilh\u00f5es de d\u00f3lares em armas. Essa montanha de dinheiro poderia estar sendo canalizada para o desenvolvimento sustent\u00e1vel e a a\u00e7\u00e3o clim\u00e1tica.\u201d<\/p>\n<p>Ele defendeu que o Brasil tem feito a li\u00e7\u00e3o de casa e que a prote\u00e7\u00e3o da floresta e o desenvolvimento sustent\u00e1vel da Amaz\u00f4nia est\u00e3o entre as prioridades do atual governo. \u201cNos primeiros 8 meses deste ano reduzimos o desmatamento em 48% em rela\u00e7\u00e3o ao mesmo per\u00edodo do ano passado\u201d, exemplificou, citando a realiza\u00e7\u00e3o da C\u00fapula da Amaz\u00f4nia e o lan\u00e7amento de uma nova agenda de colabora\u00e7\u00e3o entre os pa\u00edses que fazem parte daquele bioma.<\/p>\n<p>O presidente brasileiro adiantou que, durante o per\u00edodo que o Brasil estiver na presid\u00eancia do G20, lan\u00e7ar\u00e1 uma \u201cFor\u00e7a Tarefa para Mobiliza\u00e7\u00e3o Global contra a Mudan\u00e7a do Clima\u201d. \u201cQueremos chegar na COP 30, em 2025, com uma agenda clim\u00e1tica equilibrada entre mitiga\u00e7\u00e3o, adapta\u00e7\u00e3o, perdas e danos e financiamento, assegurando a sustentabilidade do planeta e a dignidade das pessoas.\u201d<\/p>\n<p>Fonte: Ag\u00eancia Brasil<\/p>\n","protected":false},"excerpt":{"rendered":"<p>Os pa\u00edses mais ricos, que contribu\u00edram \u201chistoricamente\u201d mais para o aquecimento global, devem arcar com os maiores custos para combater o problema. Essa foi uma&#8230;<\/p>\n","protected":false},"author":1527,"featured_media":47376,"comment_status":"closed","ping_status":"closed","sticky":false,"template":"","format":"standard","meta":{"footnotes":""},"categories":[6],"tags":[],"class_list":["post-47375","post","type-post","status-publish","format-standard","has-post-thumbnail","hentry","category-noticias"],"_links":{"self":[{"href":"https:\/\/www.sincomam.org.br\/index.php\/wp-json\/wp\/v2\/posts\/47375","targetHints":{"allow":["GET"]}}],"collection":[{"href":"https:\/\/www.sincomam.org.br\/index.php\/wp-json\/wp\/v2\/posts"}],"about":[{"href":"https:\/\/www.sincomam.org.br\/index.php\/wp-json\/wp\/v2\/types\/post"}],"author":[{"embeddable":true,"href":"https:\/\/www.sincomam.org.br\/index.php\/wp-json\/wp\/v2\/users\/1527"}],"replies":[{"embeddable":true,"href":"https:\/\/www.sincomam.org.br\/index.php\/wp-json\/wp\/v2\/comments?post=47375"}],"version-history":[{"count":1,"href":"https:\/\/www.sincomam.org.br\/index.php\/wp-json\/wp\/v2\/posts\/47375\/revisions"}],"predecessor-version":[{"id":47377,"href":"https:\/\/www.sincomam.org.br\/index.php\/wp-json\/wp\/v2\/posts\/47375\/revisions\/47377"}],"wp:featuredmedia":[{"embeddable":true,"href":"https:\/\/www.sincomam.org.br\/index.php\/wp-json\/wp\/v2\/media\/47376"}],"wp:attachment":[{"href":"https:\/\/www.sincomam.org.br\/index.php\/wp-json\/wp\/v2\/media?parent=47375"}],"wp:term":[{"taxonomy":"category","embeddable":true,"href":"https:\/\/www.sincomam.org.br\/index.php\/wp-json\/wp\/v2\/categories?post=47375"},{"taxonomy":"post_tag","embeddable":true,"href":"https:\/\/www.sincomam.org.br\/index.php\/wp-json\/wp\/v2\/tags?post=47375"}],"curies":[{"name":"wp","href":"https:\/\/api.w.org\/{rel}","templated":true}]}}