{"id":4737,"date":"2014-04-07T09:22:35","date_gmt":"2014-04-07T12:22:35","guid":{"rendered":"http:\/\/www.sincomam.org.br\/?p=4737"},"modified":"2014-04-07T09:22:35","modified_gmt":"2014-04-07T12:22:35","slug":"petrobras-dilma-e-serra-receberam-doacoes-de-empresario-belga","status":"publish","type":"post","link":"https:\/\/www.sincomam.org.br\/index.php\/petrobras-dilma-e-serra-receberam-doacoes-de-empresario-belga\/","title":{"rendered":"Petrobras: Dilma e Serra receberam doa\u00e7\u00f5es de empres\u00e1rio belga"},"content":{"rendered":"<p><b><i>Comit\u00ea de Dilma recebeu R$ 1 milh\u00e3o e o de Serra, R$ 500 mil<\/p>\n<p><\/i><\/b>O empres\u00e1rio belga Albert Fr\u00e8re, controlador da Astra Oil, que vendeu a refinaria de Pasadena, no Texas, \u00e0 Petrobras em 2006 &#8211; numa opera\u00e7\u00e3o que causou preju\u00edzos \u00e0 petrol\u00edfera brasileira &#8211; ajudou, indiretamente, a financiar as campanhas da presidente Dilma Rousseff e do tucano Jos\u00e9 Serra na elei\u00e7\u00e3o de 2010. O comit\u00ea de Dilma recebeu R$ 1 milh\u00e3o e o de Serra, R$ 500 mil.<\/p>\n<p>Fr\u00e8re \u00e9 um dos acionistas da GDF Suez, controladora no Brasil da empresa Tractebel Energia. Segundo informa\u00e7\u00f5es obtidas no site do Tribunal Superior Eleitoral (TSE), as doa\u00e7\u00f5es aos candidatos foram feitas pela Tractebel.<\/p>\n<p>A empresa de energia tamb\u00e9m repassou outros R$ 550 mil \u00e0 dire\u00e7\u00e3o nacional do PT e aos comit\u00eas financeiros do partido. Em 2006, a Tractebel fez uma doa\u00e7\u00e3o no valor de R$ 300 mil para a campanha do ex-presidente Luiz In\u00e1cio Lula da Silva.<\/p>\n<p>De acordo com o site, para a campanha de Dilma foram feitas duas doa\u00e7\u00f5es de R$ 500 mil em 2010, uma no dia 20 de setembro e outra em 26 de novembro. As doa\u00e7\u00f5es foram destinadas ao comit\u00ea financeiro nacional para a campanha de presidente da Rep\u00fablica. Os R$ 550 mil foram para a dire\u00e7\u00e3o nacional e os comit\u00eas financeiros estaduais do PT. Pelos dados do TSE, as doa\u00e7\u00f5es para Dilma e Serra foram feitas pela Tractebel Energia Comercializadora Ltda, uma das empresas que tem como controladora a Tractebel Energia. Segundo o site da empresa, a Tractebel \u00e9 respons\u00e1vel, especificamente, pela intermedia\u00e7\u00e3o e opera\u00e7\u00e3o de compras, vendas, importa\u00e7\u00f5es e exporta\u00e7\u00f5es de energia el\u00e9trica no mercado de livre negocia\u00e7\u00e3o.<\/p>\n<p>A compra da refinaria de Pasadena aconteceu em 2005. A venda da refinaria teve o aval do Conselho de Administra\u00e7\u00e3o da Petrobras, que \u00e0 \u00e9poca era presidido por Dilma Rousseff e cuja opera\u00e7\u00e3o est\u00e1 hoje sendo questionada e ser\u00e1 um dos pontos a ser investigado caso a CPI da Petrobras vingar no Congresso.<\/p>\n<p>Albert Fr\u00e8re \u00e9 vice-presidente do conselho da francesa GDF Suez, que em 2011 se associou \u00e0 Tractebel Energia, empresa que tem sede em Santa Catarina e atua em v\u00e1rios \u00e1reas do setor el\u00e9trico no Brasil. A GDF Suez \u00e9 l\u00edder do cons\u00f3rcio para a constru\u00e7\u00e3o da Usina Hidrel\u00e9trica de Jirau, em Rond\u00f4nia, que est\u00e1 entre as maiores do Programa de Acelera\u00e7\u00e3o do Crescimento (PAC) do governo Dilma.<\/p>\n<p><strong>CCJ n\u00e3o nomeou relator<\/strong><\/p>\n<p>A guerra entre governo e oposi\u00e7\u00e3o pela instala\u00e7\u00e3o de uma CPI para investigar den\u00fancias de irregularidades na Petrobras pode n\u00e3o ter um desfecho esta semana, conforme havia anunciado o presidente do Senado, Renan Calheiros (PMDB-AL). Isso porque o presidente da Comiss\u00e3o de Constitui\u00e7\u00e3o e Justi\u00e7a (CCJ), senador Vital do R\u00eago (PMDB-PB), ainda n\u00e3o conseguiu nomear um relator para dar um parecer que teria de ser analisado amanh\u00e3, indicando se a CPI deve ou n\u00e3o ser criada, e qual ser\u00e1 seu escopo.<\/p>\n<p>Na sexta-feira, Vital do R\u00eago anunciou que havia escolhido o senador Francisco Dornelles (PP-RJ) para a miss\u00e3o. Mas Dornelles decidiu n\u00e3o entrar na pol\u00eamica e recusou o convite. O senador justificou que seu nome \u201cn\u00e3o \u00e9 o melhor no momento\u201d, por estar com pouco tempo livre devido ao seu envolvimento nas negocia\u00e7\u00f5es da Medida Provis\u00f3ria 627, que chega em breve ao Senado, enviada pela C\u00e2mara. Nessa conjuntura, Vital admite que ter\u00e1 dificuldades para concretizar a vota\u00e7\u00e3o do parecer nesta ter\u00e7a-feira.<\/p>\n<p>&#8211; \u00c9 um problema termos menos de 24 horas para dar um parecer para um assunto t\u00e3o complexo. E o prazo apertado pode prejudicar o debate que quero fazer sobre isso, porque \u00e9 um tema in\u00e9dito e a CCJ pode firmar uma jurisprud\u00eancia a partir dessa decis\u00e3o &#8211; disse Vital.<\/p>\n<p>Fonte: O Globo<\/p>\n","protected":false},"excerpt":{"rendered":"<p>Comit\u00ea de Dilma recebeu R$ 1 milh\u00e3o e o de Serra, R$ 500 mil O empres\u00e1rio belga Albert Fr\u00e8re, controlador da Astra Oil, que vendeu&#8230;<\/p>\n","protected":false},"author":1182,"featured_media":4738,"comment_status":"closed","ping_status":"closed","sticky":false,"template":"","format":"standard","meta":{"footnotes":""},"categories":[6],"tags":[],"class_list":["post-4737","post","type-post","status-publish","format-standard","has-post-thumbnail","hentry","category-noticias"],"_links":{"self":[{"href":"https:\/\/www.sincomam.org.br\/index.php\/wp-json\/wp\/v2\/posts\/4737","targetHints":{"allow":["GET"]}}],"collection":[{"href":"https:\/\/www.sincomam.org.br\/index.php\/wp-json\/wp\/v2\/posts"}],"about":[{"href":"https:\/\/www.sincomam.org.br\/index.php\/wp-json\/wp\/v2\/types\/post"}],"author":[{"embeddable":true,"href":"https:\/\/www.sincomam.org.br\/index.php\/wp-json\/wp\/v2\/users\/1182"}],"replies":[{"embeddable":true,"href":"https:\/\/www.sincomam.org.br\/index.php\/wp-json\/wp\/v2\/comments?post=4737"}],"version-history":[{"count":1,"href":"https:\/\/www.sincomam.org.br\/index.php\/wp-json\/wp\/v2\/posts\/4737\/revisions"}],"predecessor-version":[{"id":4739,"href":"https:\/\/www.sincomam.org.br\/index.php\/wp-json\/wp\/v2\/posts\/4737\/revisions\/4739"}],"wp:featuredmedia":[{"embeddable":true,"href":"https:\/\/www.sincomam.org.br\/index.php\/wp-json\/wp\/v2\/media\/4738"}],"wp:attachment":[{"href":"https:\/\/www.sincomam.org.br\/index.php\/wp-json\/wp\/v2\/media?parent=4737"}],"wp:term":[{"taxonomy":"category","embeddable":true,"href":"https:\/\/www.sincomam.org.br\/index.php\/wp-json\/wp\/v2\/categories?post=4737"},{"taxonomy":"post_tag","embeddable":true,"href":"https:\/\/www.sincomam.org.br\/index.php\/wp-json\/wp\/v2\/tags?post=4737"}],"curies":[{"name":"wp","href":"https:\/\/api.w.org\/{rel}","templated":true}]}}