{"id":47343,"date":"2023-09-08T10:48:08","date_gmt":"2023-09-08T13:48:08","guid":{"rendered":"http:\/\/www.sincomam.org.br\/?p=47343"},"modified":"2023-09-08T10:48:08","modified_gmt":"2023-09-08T13:48:08","slug":"lula-anuncia-novos-ministros-do-esporte-e-de-portos-e-aeroportos","status":"publish","type":"post","link":"https:\/\/www.sincomam.org.br\/index.php\/lula-anuncia-novos-ministros-do-esporte-e-de-portos-e-aeroportos\/","title":{"rendered":"Lula anuncia novos ministros do Esporte e de Portos e Aeroportos"},"content":{"rendered":"<p>O presidente Luiz In\u00e1cio Lula da Silva formalizou o convite aos deputados federais Andr\u00e9 Fufuca (PP-MA) e Silvio Costa Filho (Republicanos-PE) para assumirem os minist\u00e9rios do Esporte e dos Portos e Aeroportos, respectivamente. O an\u00fancio foi oficializado em nota pelo Pal\u00e1cio do Planalto, na noite desta quarta-feira (6), ap\u00f3s uma reuni\u00e3o entre o presidente, os parlamentares convidados e o ministro da Secretaria de Rela\u00e7\u00f5es Institucionais, Alexandre Padilha. Lula passou a tarde acertando os \u00faltimos detalhes da reforma ministerial em agenda fechada no Pal\u00e1cio da Alvorada, resid\u00eancia oficial, em Bras\u00edlia.<img decoding=\"async\" src=\"https:\/\/agenciabrasil.ebc.com.br\/ebc.png?id=1553704&amp;o=node\" \/><img decoding=\"async\" src=\"https:\/\/agenciabrasil.ebc.com.br\/ebc.gif?id=1553704&amp;o=node\" \/><\/p>\n<p>As negocia\u00e7\u00f5es vinham ocorrendo h\u00e1 meses e marcam a entrada do partido Republicanos e do Partido Progressista (PP) -, este \u00faltimo tendo como principal expoente o presidente da C\u00e2mara, Arthur Lira (PP-AL) &#8211; no primeiro escal\u00e3o do governo. Fufuca assume o lugar de Ana Moser, enquanto Costa Filho sucede a M\u00e1rcio Fran\u00e7a (PSB), que assumir\u00e1 uma nova pasta a ser criada, batizada de Minist\u00e9rio das Micro e Pequenas Empresas.\u00a0Republicanos e PP est\u00e3o entre as maiores bancadas parlamentares na C\u00e2mara dos Deputados, onde o governo busca consolidar uma base de apoio para aprova\u00e7\u00e3o de projetos.<\/p>\n<p>O destino de Ana Moser n\u00e3o foi informado. As novas mudan\u00e7as representam a quarta troca ministerial promovida por Lula em seu atual mandato, em menos de um ano. Em julho, ele j\u00e1 havia anunciado\u00a0a troca no Minist\u00e9rio do Turismo,\u00a0com a sa\u00edda de Daniela Carneiro (Uni\u00e3o Brasil-RJ) e a indica\u00e7\u00e3o de Celso Sabino (Uni\u00e3o Brasil-PA), que tomou posse h\u00e1 cerca de um m\u00eas. A medida havia sido uma exig\u00eancia da c\u00fapula nacional do Uni\u00e3o Brasil para se manter na base do governo, ap\u00f3s diverg\u00eancias internas com a ex-ministra.<\/p>\n<p>Em abril, o general Gon\u00e7alves Dias\u00a0pediu afastamento do cargo de ministro-chefe do Gabinete de Seguran\u00e7a Institucional (GSI)\u00a0da Presid\u00eancia da Rep\u00fablica, no contexto das revela\u00e7\u00f5es das imagens da invas\u00e3o de v\u00e2ndalos golpistas no Pal\u00e1cio do Planalto, no dia 8 de janeiro.<\/p>\n<p>Fonte: Ag\u00eancia Brasil<\/p>\n","protected":false},"excerpt":{"rendered":"<p>O presidente Luiz In\u00e1cio Lula da Silva formalizou o convite aos deputados federais Andr\u00e9 Fufuca (PP-MA) e Silvio Costa Filho (Republicanos-PE) para assumirem os minist\u00e9rios&#8230;<\/p>\n","protected":false},"author":1527,"featured_media":47344,"comment_status":"closed","ping_status":"closed","sticky":false,"template":"","format":"standard","meta":{"footnotes":""},"categories":[6],"tags":[],"class_list":["post-47343","post","type-post","status-publish","format-standard","has-post-thumbnail","hentry","category-noticias"],"_links":{"self":[{"href":"https:\/\/www.sincomam.org.br\/index.php\/wp-json\/wp\/v2\/posts\/47343","targetHints":{"allow":["GET"]}}],"collection":[{"href":"https:\/\/www.sincomam.org.br\/index.php\/wp-json\/wp\/v2\/posts"}],"about":[{"href":"https:\/\/www.sincomam.org.br\/index.php\/wp-json\/wp\/v2\/types\/post"}],"author":[{"embeddable":true,"href":"https:\/\/www.sincomam.org.br\/index.php\/wp-json\/wp\/v2\/users\/1527"}],"replies":[{"embeddable":true,"href":"https:\/\/www.sincomam.org.br\/index.php\/wp-json\/wp\/v2\/comments?post=47343"}],"version-history":[{"count":1,"href":"https:\/\/www.sincomam.org.br\/index.php\/wp-json\/wp\/v2\/posts\/47343\/revisions"}],"predecessor-version":[{"id":47345,"href":"https:\/\/www.sincomam.org.br\/index.php\/wp-json\/wp\/v2\/posts\/47343\/revisions\/47345"}],"wp:featuredmedia":[{"embeddable":true,"href":"https:\/\/www.sincomam.org.br\/index.php\/wp-json\/wp\/v2\/media\/47344"}],"wp:attachment":[{"href":"https:\/\/www.sincomam.org.br\/index.php\/wp-json\/wp\/v2\/media?parent=47343"}],"wp:term":[{"taxonomy":"category","embeddable":true,"href":"https:\/\/www.sincomam.org.br\/index.php\/wp-json\/wp\/v2\/categories?post=47343"},{"taxonomy":"post_tag","embeddable":true,"href":"https:\/\/www.sincomam.org.br\/index.php\/wp-json\/wp\/v2\/tags?post=47343"}],"curies":[{"name":"wp","href":"https:\/\/api.w.org\/{rel}","templated":true}]}}