{"id":47334,"date":"2023-09-08T10:36:12","date_gmt":"2023-09-08T13:36:12","guid":{"rendered":"http:\/\/www.sincomam.org.br\/?p=47334"},"modified":"2023-09-08T10:36:12","modified_gmt":"2023-09-08T13:36:12","slug":"marinha-em-acao-resgate-e-solidariedade-no-rs","status":"publish","type":"post","link":"https:\/\/www.sincomam.org.br\/index.php\/marinha-em-acao-resgate-e-solidariedade-no-rs\/","title":{"rendered":"Marinha em A\u00e7\u00e3o: Resgate e Solidariedade no RS"},"content":{"rendered":"<p>Nos \u00faltimos dias, o estado do Rio Grande do Sul tem enfrentado um per\u00edodo de adversidade devido \u00e0s fortes chuvas que provocaram enchentes em v\u00e1rias regi\u00f5es. Em meio a este cen\u00e1rio, a\u00a0Marinha do Brasil, atrav\u00e9s do\u00a0Comando do 5\u00ba Distrito Naval, tem sido uma fonte constante de apoio e seguran\u00e7a para os habitantes da regi\u00e3o do Vale do Taquari. Com uma resposta r\u00e1pida e coordenada, a Marinha est\u00e1 trabalhando incansavelmente junto \u00e0s autoridades locais e \u00e0 Defesa Civil para prestar o aux\u00edlio necess\u00e1rio \u00e0 popula\u00e7\u00e3o atingida.<\/p>\n<p><strong>Recursos e Equipamentos de Ponta<\/strong><\/p>\n<p>Para garantir que a ajuda chegue a todos os que necessitam, a Marinha mobilizou recursos significativos, incluindo duas equipes altamente treinadas, duas viaturas e duas embarca\u00e7\u00f5es, todas dedicadas a opera\u00e7\u00f5es de resgate e assist\u00eancia. Al\u00e9m disso, uma aeronave est\u00e1 ativamente envolvida nas opera\u00e7\u00f5es a\u00e9reas, realizando buscas por v\u00edtimas que ainda possam estar \u201cilhadas\u201d e proporcionando resgates quando necess\u00e1rio. Este esfor\u00e7o \u00e9 complementado pelo transporte de materiais de apoio e suprimentos essenciais para as v\u00edtimas das enchentes. A partir de amanh\u00e3, uma aeronave de maior porte, o UH-15 \u2013 Super Cougar, que possui capacidades de voo noturno e uma maior capacidade de transporte de carga, estar\u00e1 \u00e0 disposi\u00e7\u00e3o para intensificar as a\u00e7\u00f5es de apoio \u00e0 Defesa Civil.<\/p>\n<p><strong>Salvaguarda da Vida Humana<\/strong><\/p>\n<p>A Marinha do Brasil reafirma seu compromisso inabal\u00e1vel com a prote\u00e7\u00e3o da vida humana e a seguran\u00e7a da navega\u00e7\u00e3o, seja em mar aberto ou em hidrovias interiores. Este momento de crise destaca a import\u00e2ncia vital da Marinha como uma institui\u00e7\u00e3o que n\u00e3o apenas protege as fronteiras do pa\u00eds, mas tamb\u00e9m est\u00e1 pronta para intervir em momentos de emerg\u00eancia, garantindo a seguran\u00e7a e o bem-estar dos cidad\u00e3os. A dedica\u00e7\u00e3o e o profissionalismo demonstrados por todos os envolvidos s\u00e3o um testemunho da resili\u00eancia e da for\u00e7a da comunidade brasileira.<\/p>\n<p><strong>Participa\u00e7\u00e3o Comunit\u00e1ria<\/strong><\/p>\n<p>Al\u00e9m de seus esfor\u00e7os diretos, a Marinha tamb\u00e9m est\u00e1 incentivando a participa\u00e7\u00e3o ativa da comunidade neste momento cr\u00edtico. A popula\u00e7\u00e3o pode contribuir de v\u00e1rias maneiras, seja atrav\u00e9s de informa\u00e7\u00f5es \u00fateis ou pedidos de aux\u00edlio. A Marinha disponibilizou canais de comunica\u00e7\u00e3o espec\u00edficos para facilitar esta intera\u00e7\u00e3o, incluindo um n\u00famero de emerg\u00eancia n\u00e1utica (185) e um contato direto com a CFPA para outros assuntos relevantes, que pode ser alcan\u00e7ado pelo n\u00famero (51) 3226-1711 ou pelo e-mail\u00a0<a href=\"mailto:cfpa.segmar@marinha.mil.br\" target=\"_new\" rel=\"noopener\">cfpa.segmar@marinha.mil.br<\/a>. Este \u00e9 um momento para unir for\u00e7as e trabalhar juntos para superar esta crise, e a Marinha est\u00e1 pronta para liderar o caminho, com a ajuda e o apoio da comunidade.<\/p>\n<p>Em tempos de adversidade, a uni\u00e3o e a solidariedade se destacam como valores fundamentais. A Marinha do Brasil, com sua resposta r\u00e1pida e coordenada, est\u00e1 demonstrando o verdadeiro esp\u00edrito de comunidade e coopera\u00e7\u00e3o. Com recursos significativos e uma dedica\u00e7\u00e3o inabal\u00e1vel \u00e0 salvaguarda da vida humana, a Marinha est\u00e1 sendo um pilar de apoio e seguran\u00e7a para os afetados pelas enchentes no Rio Grande do Sul. \u00c9 uma hist\u00f3ria de hero\u00edsmo, dedica\u00e7\u00e3o e resili\u00eancia, uma que continua a inspirar e a demonstrar o poder da uni\u00e3o e da colabora\u00e7\u00e3o.<\/p>\n<p>Fonte: Defesa em Foco<\/p>\n","protected":false},"excerpt":{"rendered":"<p>Nos \u00faltimos dias, o estado do Rio Grande do Sul tem enfrentado um per\u00edodo de adversidade devido \u00e0s fortes chuvas que provocaram enchentes em v\u00e1rias&#8230;<\/p>\n","protected":false},"author":1527,"featured_media":47335,"comment_status":"closed","ping_status":"closed","sticky":false,"template":"","format":"standard","meta":{"footnotes":""},"categories":[6],"tags":[],"class_list":["post-47334","post","type-post","status-publish","format-standard","has-post-thumbnail","hentry","category-noticias"],"_links":{"self":[{"href":"https:\/\/www.sincomam.org.br\/index.php\/wp-json\/wp\/v2\/posts\/47334","targetHints":{"allow":["GET"]}}],"collection":[{"href":"https:\/\/www.sincomam.org.br\/index.php\/wp-json\/wp\/v2\/posts"}],"about":[{"href":"https:\/\/www.sincomam.org.br\/index.php\/wp-json\/wp\/v2\/types\/post"}],"author":[{"embeddable":true,"href":"https:\/\/www.sincomam.org.br\/index.php\/wp-json\/wp\/v2\/users\/1527"}],"replies":[{"embeddable":true,"href":"https:\/\/www.sincomam.org.br\/index.php\/wp-json\/wp\/v2\/comments?post=47334"}],"version-history":[{"count":1,"href":"https:\/\/www.sincomam.org.br\/index.php\/wp-json\/wp\/v2\/posts\/47334\/revisions"}],"predecessor-version":[{"id":47336,"href":"https:\/\/www.sincomam.org.br\/index.php\/wp-json\/wp\/v2\/posts\/47334\/revisions\/47336"}],"wp:featuredmedia":[{"embeddable":true,"href":"https:\/\/www.sincomam.org.br\/index.php\/wp-json\/wp\/v2\/media\/47335"}],"wp:attachment":[{"href":"https:\/\/www.sincomam.org.br\/index.php\/wp-json\/wp\/v2\/media?parent=47334"}],"wp:term":[{"taxonomy":"category","embeddable":true,"href":"https:\/\/www.sincomam.org.br\/index.php\/wp-json\/wp\/v2\/categories?post=47334"},{"taxonomy":"post_tag","embeddable":true,"href":"https:\/\/www.sincomam.org.br\/index.php\/wp-json\/wp\/v2\/tags?post=47334"}],"curies":[{"name":"wp","href":"https:\/\/api.w.org\/{rel}","templated":true}]}}