{"id":47309,"date":"2023-09-06T09:57:11","date_gmt":"2023-09-06T12:57:11","guid":{"rendered":"http:\/\/www.sincomam.org.br\/?p=47309"},"modified":"2023-09-06T09:57:11","modified_gmt":"2023-09-06T12:57:11","slug":"recursos-do-fundo-amazonia-serao-destinados-a-preservacao-do-bioma","status":"publish","type":"post","link":"https:\/\/www.sincomam.org.br\/index.php\/recursos-do-fundo-amazonia-serao-destinados-a-preservacao-do-bioma\/","title":{"rendered":"Recursos do Fundo Amaz\u00f4nia ser\u00e3o destinados \u00e0 preserva\u00e7\u00e3o do bioma"},"content":{"rendered":"<p>Durante a celebra\u00e7\u00e3o do Dia da Amaz\u00f4nia, o presidente Luiz In\u00e1cio Lula da Silva anunciou a destina\u00e7\u00e3o de R$ 600 milh\u00f5es de recursos do Fundo Amaz\u00f4nia para munic\u00edpios que sejam considerados priorit\u00e1rios nas a\u00e7\u00f5es de preven\u00e7\u00e3o, monitoramento e controle para redu\u00e7\u00e3o do desmatamento e da degrada\u00e7\u00e3o florestal.<img decoding=\"async\" src=\"https:\/\/agenciabrasil.ebc.com.br\/ebc.png?id=1553489&amp;o=node\" \/><img decoding=\"async\" src=\"https:\/\/agenciabrasil.ebc.com.br\/ebc.gif?id=1553489&amp;o=node\" \/><\/p>\n<p>Hoje (6), um decreto presidencial (https:\/\/in.gov.br\/en\/web\/dou\/-\/decreto-n-11.687-de-5-de-setembro-2023-508071575), publicado no\u00a0<a href=\"http:\/\/in.gov.br\/en\/web\/dou\/-\/decreto-n-11.687-de-5-de-setembro-2023-508071575\" target=\"_blank\" rel=\"noopener\"><em>Di\u00e1rio Oficial da Uni\u00e3o<\/em><\/a>, definiu os crit\u00e9rios de investimento nas a\u00e7\u00f5es de preserva\u00e7\u00e3o do bioma.<\/p>\n<p>As a\u00e7\u00f5es se somam \u00e0 pol\u00edtica de desenvolvimento sustent\u00e1vel que o governo federal vem construindo desde o in\u00edcio do ano, com medidas que reduziram em 66% os\u00a0alertas de desmatamento na Amaz\u00f4nia. A ministra do Meio Ambiente e Mudan\u00e7a do Clima, Marina Silva, tem sido enf\u00e1tica quando trata da import\u00e2ncia da regi\u00e3o para a atual pol\u00edtica de governo.<\/p>\n<p>Na v\u00e9spera do 7 de setembro, que celebra a Independ\u00eancia do pa\u00eds, ela declarou em suas redes sociais que \u201ca real independ\u00eancia do Brasil depende do destino que daremos para a Amaz\u00f4nia. E como o Brasil det\u00e9m 60% do bioma amaz\u00f4nico, ent\u00e3o podemos dizer que o futuro da humanidade e as condi\u00e7\u00f5es de vida no mundo tamb\u00e9m dependem do Brasil.\u201d<\/p>\n<p>O decreto presidencial atribui ao Minist\u00e9rio do Meio Ambiente e Mudan\u00e7a do Clima a responsabilidade de &#8211; a cada ano &#8211; editar uma lista que apontar\u00e1 os munic\u00edpios priorit\u00e1rios para a\u00e7\u00f5es de preserva\u00e7\u00e3o, conforme o hist\u00f3rico dos dados divulgados pelo Instituto Nacional de Pesquisas Espaciais (Inpe).<\/p>\n<p>Ser\u00e3o consideradas informa\u00e7\u00f5es como \u00e1rea de floresta desmatada nos \u00faltimos tr\u00eas anos; crescimento do desmatamento em pelo menos tr\u00eas dos \u00faltimos cinco anos; e alertas de degrada\u00e7\u00e3o florestal.<\/p>\n<p>Os locais que constarem na lista poder\u00e3o aderir ao Programa Uni\u00e3o com Munic\u00edpios pela Redu\u00e7\u00e3o de Desmatamento e Inc\u00eandios Florestais e acessar recursos para a recupera\u00e7\u00e3o da vegeta\u00e7\u00e3o nativa.<\/p>\n<h2>Regulariza\u00e7\u00e3o ambiental<\/h2>\n<p>Al\u00e9m disso, ser\u00e3o priorizadas a\u00e7\u00f5es de regulariza\u00e7\u00e3o ambiental e fundi\u00e1ria e processos referentes a desembargos do Instituto Brasileiro do Meio Ambiente e dos Recursos Naturais Renov\u00e1veis (Ibama) ou do Instituto Chico Mendes de Conserva\u00e7\u00e3o da Biodiversidade (ICMBio).<\/p>\n<p>Iniciativas privadas tamb\u00e9m poder\u00e3o se beneficiar dos incentivos previstos na legisla\u00e7\u00e3o ambiental federal quando forem inscritas no Cadastro Ambiental Rural (CAR) e possuam vegeta\u00e7\u00e3o nativa conservada, sem registro de desmatamento a partir de julho de 2008.<\/p>\n<p>J\u00e1 os munic\u00edpios que constem em outra lista, que reunir\u00e1 as regi\u00f5es de desmatamento monitorado e controlado, poder\u00e3o se beneficiar de incentivos econ\u00f4micos e fiscais para projetos e programas de produ\u00e7\u00e3o florestal, agroextrativista e agropecu\u00e1ria sustent\u00e1vel.<\/p>\n<p>Para isso, o munic\u00edpio dever\u00e1 manter taxa de desmatamento e degrada\u00e7\u00e3o florestal anual abaixo de um limite, que ser\u00e1 estabelecido em nova regulamenta\u00e7\u00e3o, assim como o percentual m\u00ednimo de Cadastro Ambiental Rural necess\u00e1rio para constar na lista positiva.<\/p>\n<p>Fonte: Ag\u00eancia Brasil<\/p>\n","protected":false},"excerpt":{"rendered":"<p>Durante a celebra\u00e7\u00e3o do Dia da Amaz\u00f4nia, o presidente Luiz In\u00e1cio Lula da Silva anunciou a destina\u00e7\u00e3o de R$ 600 milh\u00f5es de recursos do Fundo&#8230;<\/p>\n","protected":false},"author":1527,"featured_media":47310,"comment_status":"closed","ping_status":"closed","sticky":false,"template":"","format":"standard","meta":{"footnotes":""},"categories":[6],"tags":[],"class_list":["post-47309","post","type-post","status-publish","format-standard","has-post-thumbnail","hentry","category-noticias"],"_links":{"self":[{"href":"https:\/\/www.sincomam.org.br\/index.php\/wp-json\/wp\/v2\/posts\/47309","targetHints":{"allow":["GET"]}}],"collection":[{"href":"https:\/\/www.sincomam.org.br\/index.php\/wp-json\/wp\/v2\/posts"}],"about":[{"href":"https:\/\/www.sincomam.org.br\/index.php\/wp-json\/wp\/v2\/types\/post"}],"author":[{"embeddable":true,"href":"https:\/\/www.sincomam.org.br\/index.php\/wp-json\/wp\/v2\/users\/1527"}],"replies":[{"embeddable":true,"href":"https:\/\/www.sincomam.org.br\/index.php\/wp-json\/wp\/v2\/comments?post=47309"}],"version-history":[{"count":1,"href":"https:\/\/www.sincomam.org.br\/index.php\/wp-json\/wp\/v2\/posts\/47309\/revisions"}],"predecessor-version":[{"id":47311,"href":"https:\/\/www.sincomam.org.br\/index.php\/wp-json\/wp\/v2\/posts\/47309\/revisions\/47311"}],"wp:featuredmedia":[{"embeddable":true,"href":"https:\/\/www.sincomam.org.br\/index.php\/wp-json\/wp\/v2\/media\/47310"}],"wp:attachment":[{"href":"https:\/\/www.sincomam.org.br\/index.php\/wp-json\/wp\/v2\/media?parent=47309"}],"wp:term":[{"taxonomy":"category","embeddable":true,"href":"https:\/\/www.sincomam.org.br\/index.php\/wp-json\/wp\/v2\/categories?post=47309"},{"taxonomy":"post_tag","embeddable":true,"href":"https:\/\/www.sincomam.org.br\/index.php\/wp-json\/wp\/v2\/tags?post=47309"}],"curies":[{"name":"wp","href":"https:\/\/api.w.org\/{rel}","templated":true}]}}