{"id":47288,"date":"2023-09-05T01:13:23","date_gmt":"2023-09-05T04:13:23","guid":{"rendered":"http:\/\/www.sincomam.org.br\/?p=47288"},"modified":"2023-09-05T01:13:23","modified_gmt":"2023-09-05T04:13:23","slug":"inadimplencia-cresce-em-agosto-e-atinge-30-dos-brasileiros-aponta-cnc","status":"publish","type":"post","link":"https:\/\/www.sincomam.org.br\/index.php\/inadimplencia-cresce-em-agosto-e-atinge-30-dos-brasileiros-aponta-cnc\/","title":{"rendered":"Inadimpl\u00eancia cresce em agosto e atinge 30% dos brasileiros, aponta CNC"},"content":{"rendered":"<div id=\"chunk-6iv0m\">\n<div class=\"mc-column content-text active-extra-styles \" data-block-type=\"unstyled\" data-block-weight=\"34\" data-block-id=\"4\">\n<p class=\"content-text__container \" data-track-category=\"Link no Texto\" data-track-links=\"\"><span class=\"highlight highlighted\">Em agosto,\u00a0<\/span><span class=\"highlight highlighted\">30%<\/span><span class=\"highlight highlighted\">\u00a0dos brasileiros estavam com alguma d\u00edvida atrasada,<\/span>\u00a0apontam dados divulgados pela\u00a0Confedera\u00e7\u00e3o Nacional do Com\u00e9rcio\u00a0(CNC) nesta segunda-feira (4). O n\u00famero representa quase meio ponto percentual a mais que em julho.<\/p>\n<\/div>\n<\/div>\n<div class=\"wall protected-content\">\n<div id=\"chunk-kav7\">\n<div class=\"mc-column content-text active-extra-styles \" data-block-type=\"unstyled\" data-block-weight=\"52\" data-block-id=\"5\">\n<p class=\"content-text__container \" data-track-category=\"Link no Texto\" data-track-links=\"\">Outro indicativo aponta que esse cen\u00e1rio dificilmente deve mudar:\u00a0<span class=\"highlight highlighted\">12%<\/span><span class=\"highlight highlighted\">\u00a0dos entrevistados admitiram que n\u00e3o v\u00e3o ter condi\u00e7\u00f5es de pagar suas d\u00edvidas<\/span>. \u00c9 o maior n\u00edvel de toda a s\u00e9rie hist\u00f3rica da pesquisa, que come\u00e7ou em 2010. Em agosto do ano passado, esse n\u00famero era de pouco mais de\u00a010%, por exemplo.<\/p>\n<div id=\"chunk-3jrb5\">\n<div class=\"mc-column content-text active-extra-styles \" data-block-type=\"unstyled\" data-block-weight=\"19\" data-block-id=\"8\">\n<p class=\"content-text__container \" data-track-category=\"Link no Texto\" data-track-links=\"\">Uma das economistas da CNC, respons\u00e1vel pela pesquisa, aponta os juros altos como a principal causa dessa grande inadimpl\u00eancia.<\/p>\n<\/div>\n<\/div>\n<div id=\"chunk-2ha5q\">\n<div class=\"mc-column content-text active-extra-styles \" data-block-type=\"unstyled\" data-block-weight=\"75\" data-block-id=\"9\">\n<p class=\"content-text__container \" data-track-category=\"Link no Texto\" data-track-links=\"\">&#8220;A gente viu a Selic come\u00e7ar a cair, mas os juros de mercado ainda seguem em patamar muito alto. Quando a gente olha os juros do cart\u00e3o de cr\u00e9dito, por exemplo, s\u00e3o juros alt\u00edssimos. A gente est\u00e1 falando de algo em torno de 15% ao m\u00eas e mais de 440% ao ano no rotativo. Ent\u00e3o, isso \u00e9 que tem levado essas pessoas a apontarem uma maior dificuldade para pagar suas d\u00edvidas&#8221;, diz Izis Ferreira, economista.<\/p>\n<div id=\"chunk-ehvnp\">\n<div class=\"mc-column content-text active-extra-styles \" data-block-type=\"unstyled\" data-block-weight=\"24\" data-block-id=\"11\">\n<p class=\"content-text__container \" data-track-category=\"Link no Texto\" data-track-links=\"\">Enquanto a inadimpl\u00eancia aumentou, o endividamento, por outro lado,\u00a0<span class=\"highlight highlighted\">caiu\u00a0<\/span><span class=\"highlight highlighted\">quase<\/span><span class=\"highlight highlighted\">\u00a0<\/span><span class=\"highlight highlighted\">um ponto percentual em agosto na compara\u00e7\u00e3o com julho (78,1%). Ficou em 77,4%.<\/span><\/p>\n<\/div>\n<\/div>\n<div id=\"chunk-ccp8n\">\n<div class=\"content-ads content-ads--reveal\" data-block-type=\"ads\" data-block-id=\"12\">\n<div id=\"banner_materia__0ec958f0-c008-489b-84bc-765429887749\" class=\"tag-manager-publicidade-container mc-has-reveal mc-has-ad-lazyload tag-manager-publicidade-banner_materia__0ec958f0-c008-489b-84bc-765429887749 tag-manager-publicidade-container--carregado tag-manager-publicidade-container--visivel\" data-id=\"banner_materia__0ec958f0-c008-489b-84bc-765429887749\" data-google-query-id=\"CJHw5rPMkoEDFbZM3QId5LYOwA\">\n<div id=\"chunk-ae0mi\">\n<div class=\"mc-column content-text active-extra-styles\" data-block-type=\"raw\" data-block-weight=\"8\" data-block-id=\"13\">\n<div class=\"content-intertitle\">\n<h2>Qual \u00e9 a diferen\u00e7a entre inadimpl\u00eancia e endividamento?<\/h2>\n<\/div>\n<p>&nbsp;<\/p>\n<\/div>\n<\/div>\n<div id=\"chunk-916k1\">\n<div class=\"mc-column content-text active-extra-styles \" data-block-type=\"unstyled\" data-block-weight=\"56\" data-block-id=\"14\">\n<p class=\"content-text__container \" data-track-category=\"Link no Texto\" data-track-links=\"\">A\u00a0inadimpl\u00eancia\u00a0\u00e9 quando a pessoa tem uma ou mais d\u00edvidas j\u00e1 vencidas que n\u00e3o foram pagas. J\u00e1 o\u00a0endividamento\u00a0acontece\u00a0quando o consumidor tem algum compromisso em aberto, que ainda vai ser pago. Por exemplo, uma compra no cart\u00e3o de cr\u00e9dito, um financiamento, boletos, um empr\u00e9stimo, uma compra parcelada no com\u00e9rcio e por a\u00ed vai.<\/p>\n<\/div>\n<\/div>\n<div id=\"chunk-6tc0j\">\n<div class=\"mc-column content-text active-extra-styles \" data-block-type=\"unstyled\" data-block-weight=\"24\" data-block-id=\"15\">\n<p class=\"content-text__container \" data-track-category=\"Link no Texto\" data-track-links=\"\">Essa queda do endividamento significa que as pessoas podem estar comprando ou se arriscando menos na hora de comprometer uma parte da renda.<\/p>\n<\/div>\n<\/div>\n<div id=\"chunk-cvrd5\">\n<div class=\"mc-column content-text active-extra-styles \" data-block-type=\"unstyled\" data-block-weight=\"11\" data-block-id=\"16\">\n<p class=\"content-text__container \" data-track-category=\"Link no Texto\" data-track-links=\"\">A economista refor\u00e7a que o consumidor precisa mesmo agir com cautela.<\/p>\n<div id=\"chunk-cqehe\">\n<div class=\"mc-column content-text active-extra-styles \" data-block-type=\"unstyled\" data-block-weight=\"40\" data-block-id=\"18\">\n<p class=\"content-text__container \" data-track-category=\"Link no Texto\" data-track-links=\"\">Os principais tipos de d\u00edvida s\u00e3o:\u00a0<span class=\"highlight highlighted\">disparado, o\u00a0<\/span><span class=\"highlight highlighted\">cart\u00e3o de cr\u00e9dito<\/span><span class=\"highlight highlighted\">, com mais de\u00a0<\/span><span class=\"highlight highlighted\">85%<\/span><span class=\"highlight highlighted\">\u00a0do total<\/span>. Em um distante segundo lugar, aparecem as\u00a0<span class=\"highlight highlighted\">d\u00edvidas com as parcelas de carn\u00eas<\/span><span class=\"highlight highlighted\">, que correspondem a\u00a0<\/span><span class=\"highlight highlighted\">17%<\/span><span class=\"highlight highlighted\">\u00a0da causa de endividamento dos brasileiros.<\/span><\/p>\n<\/div>\n<\/div>\n<div class=\"block-podcast\">Fonte: g!<\/div>\n<\/div>\n<\/div>\n<\/div>\n<\/div>\n<\/div>\n<\/div>\n<\/div>\n<\/div>\n<\/div>\n<\/div>\n","protected":false},"excerpt":{"rendered":"<p>Em agosto,\u00a030%\u00a0dos brasileiros estavam com alguma d\u00edvida atrasada,\u00a0apontam dados divulgados pela\u00a0Confedera\u00e7\u00e3o Nacional do Com\u00e9rcio\u00a0(CNC) nesta segunda-feira (4). O n\u00famero representa quase meio ponto percentual a&#8230;<\/p>\n","protected":false},"author":1527,"featured_media":47127,"comment_status":"closed","ping_status":"closed","sticky":false,"template":"","format":"standard","meta":{"footnotes":""},"categories":[6],"tags":[],"class_list":["post-47288","post","type-post","status-publish","format-standard","has-post-thumbnail","hentry","category-noticias"],"_links":{"self":[{"href":"https:\/\/www.sincomam.org.br\/index.php\/wp-json\/wp\/v2\/posts\/47288","targetHints":{"allow":["GET"]}}],"collection":[{"href":"https:\/\/www.sincomam.org.br\/index.php\/wp-json\/wp\/v2\/posts"}],"about":[{"href":"https:\/\/www.sincomam.org.br\/index.php\/wp-json\/wp\/v2\/types\/post"}],"author":[{"embeddable":true,"href":"https:\/\/www.sincomam.org.br\/index.php\/wp-json\/wp\/v2\/users\/1527"}],"replies":[{"embeddable":true,"href":"https:\/\/www.sincomam.org.br\/index.php\/wp-json\/wp\/v2\/comments?post=47288"}],"version-history":[{"count":1,"href":"https:\/\/www.sincomam.org.br\/index.php\/wp-json\/wp\/v2\/posts\/47288\/revisions"}],"predecessor-version":[{"id":47289,"href":"https:\/\/www.sincomam.org.br\/index.php\/wp-json\/wp\/v2\/posts\/47288\/revisions\/47289"}],"wp:featuredmedia":[{"embeddable":true,"href":"https:\/\/www.sincomam.org.br\/index.php\/wp-json\/wp\/v2\/media\/47127"}],"wp:attachment":[{"href":"https:\/\/www.sincomam.org.br\/index.php\/wp-json\/wp\/v2\/media?parent=47288"}],"wp:term":[{"taxonomy":"category","embeddable":true,"href":"https:\/\/www.sincomam.org.br\/index.php\/wp-json\/wp\/v2\/categories?post=47288"},{"taxonomy":"post_tag","embeddable":true,"href":"https:\/\/www.sincomam.org.br\/index.php\/wp-json\/wp\/v2\/tags?post=47288"}],"curies":[{"name":"wp","href":"https:\/\/api.w.org\/{rel}","templated":true}]}}