{"id":47260,"date":"2023-09-04T09:21:37","date_gmt":"2023-09-04T12:21:37","guid":{"rendered":"http:\/\/www.sincomam.org.br\/?p=47260"},"modified":"2023-09-04T09:21:37","modified_gmt":"2023-09-04T12:21:37","slug":"covid-19-vacina-bivalente-e-melhor-prevencao-contra-doenca","status":"publish","type":"post","link":"https:\/\/www.sincomam.org.br\/index.php\/covid-19-vacina-bivalente-e-melhor-prevencao-contra-doenca\/","title":{"rendered":"Covid-19: vacina bivalente \u00e9 melhor preven\u00e7\u00e3o contra doen\u00e7a"},"content":{"rendered":"<p>A Secretaria de Sa\u00fade do estado do Rio de Janeiro refor\u00e7a a recomenda\u00e7\u00e3o para que todas as pessoas tomem a vacina bivalente contra a covid-19. De acordo com o secret\u00e1rio de Sa\u00fade, Dr. Luizinho, \u201cneste momento, a melhor forma de preven\u00e7\u00e3o contra o v\u00edrus, incluindo a subvariante \u00d4micron EG.5.13, conhecida como \u00c9ris, \u00e9 a vacina bivalente, que est\u00e1 dispon\u00edvel nos postos de sa\u00fade dos 92 munic\u00edpios do estado\u201d, alertou.<img decoding=\"async\" src=\"https:\/\/agenciabrasil.ebc.com.br\/ebc.png?id=1552878&amp;o=node\" \/><img decoding=\"async\" src=\"https:\/\/agenciabrasil.ebc.com.br\/ebc.gif?id=1552878&amp;o=node\" \/><\/p>\n<p>O secret\u00e1rio fez apelo \u00e0 popula\u00e7\u00e3o para que compare\u00e7a hoje (2) aos postos de sa\u00fade no Dia D de Multivacina\u00e7\u00e3o. \u201cN\u00f3s estamos convocando todas as crian\u00e7as que ainda n\u00e3o tomaram as doses da vacina no per\u00edodo adequado que compare\u00e7am \u00e0s unidades de sa\u00fade para completar a caderneta de vacina\u00e7\u00e3o. A popula\u00e7\u00e3o deve aproveitar tamb\u00e9m para tomar a vacina bivalente, principalmente \u00e0s pessoas acima de 60 anos para refor\u00e7ar a imuniza\u00e7\u00e3o contra a covid-19\u201d, avaliou.<\/p>\n<h2>Subvariante da \u00d4micron<\/h2>\n<p>A cidade do Rio de Janeiro teve o primeiro registro da nova linhagem da subvariante da \u00d4micron, conhecida como \u00c9ris ou EG.5.11(23). O caso foi notificado ao Centro de Informa\u00e7\u00f5es Estrat\u00e9gicas de Vigil\u00e2ncia da Secretaria de Estado de Sa\u00fade do Rio de Janeiro (CIEVS\/SES-RJ) na noite da \u00faltima quarta-feira, (30), ap\u00f3s confirma\u00e7\u00e3o pelo Laborat\u00f3rio de V\u00edrus Respirat\u00f3rios, Enterov\u00edrus e Emerg\u00eancias Virais do Instituto Oswaldo Cruz (IOC\/Fiocruz).<\/p>\n<p>De acordo com a Secretaria Municipal de Sa\u00fade, o paciente, de 46 anos, n\u00e3o foi imunizado com a dose de refor\u00e7o da vacina bivalente contra a covid-19. A recomenda\u00e7\u00e3o da Secretaria Municipal de Sa\u00fade \u00e9 que todas as pessoas maiores de 12 anos tomem a dose de refor\u00e7o, que mant\u00e9m a prote\u00e7\u00e3o contra casos graves da variante \u00d4micron.<\/p>\n<h2>Casos importados<\/h2>\n<p>A Secretaria de Estado de Sa\u00fade (SES-RJ), informou que os dois casos mais recentes, provavelmente foram de pessoas que contra\u00edram a doen\u00e7a fora do Rio. Os casos envolvem uma paciente do sexo feminino, de 34 anos, e um beb\u00ea do sexo masculino, de um ano de idade. Os dois s\u00e3o da mesma fam\u00edlia e iniciaram os sintomas da doen\u00e7a, na segunda semana de agosto, nos dias 10 e 11. Eles apresentaram febre e sintomas respirat\u00f3rios, uma semana ap\u00f3s retornarem da Chapada dos Veadeiros (GO). Os sintomas apareceram inicialmente em um deles, com um quadro de resfriado de curta dura\u00e7\u00e3o, quatro dias ap\u00f3s o retorno da viagem.<\/p>\n<p>As amostras coletadas foram analisadas pelo Laborat\u00f3rio de Virologia Molecular\/Universidade Federal do Rio de Janeiro (UFRJ). Em nota, a UFRJ informou que \u201co hist\u00f3rico de retorno recente de localidade com grande concentra\u00e7\u00e3o de turistas internacionais de variadas proced\u00eancias e o curto espa\u00e7o de tempo para o adoecimento apontava para infec\u00e7\u00e3o importada, seguida de infec\u00e7\u00e3o intradomiciliar\u201d. Os dois passam bem.<\/p>\n<p>Fonte: Ag\u00eancia Brasil<\/p>\n","protected":false},"excerpt":{"rendered":"<p>A Secretaria de Sa\u00fade do estado do Rio de Janeiro refor\u00e7a a recomenda\u00e7\u00e3o para que todas as pessoas tomem a vacina bivalente contra a covid-19&#8230;.<\/p>\n","protected":false},"author":1527,"featured_media":47261,"comment_status":"closed","ping_status":"closed","sticky":false,"template":"","format":"standard","meta":{"footnotes":""},"categories":[6],"tags":[],"class_list":["post-47260","post","type-post","status-publish","format-standard","has-post-thumbnail","hentry","category-noticias"],"_links":{"self":[{"href":"https:\/\/www.sincomam.org.br\/index.php\/wp-json\/wp\/v2\/posts\/47260","targetHints":{"allow":["GET"]}}],"collection":[{"href":"https:\/\/www.sincomam.org.br\/index.php\/wp-json\/wp\/v2\/posts"}],"about":[{"href":"https:\/\/www.sincomam.org.br\/index.php\/wp-json\/wp\/v2\/types\/post"}],"author":[{"embeddable":true,"href":"https:\/\/www.sincomam.org.br\/index.php\/wp-json\/wp\/v2\/users\/1527"}],"replies":[{"embeddable":true,"href":"https:\/\/www.sincomam.org.br\/index.php\/wp-json\/wp\/v2\/comments?post=47260"}],"version-history":[{"count":1,"href":"https:\/\/www.sincomam.org.br\/index.php\/wp-json\/wp\/v2\/posts\/47260\/revisions"}],"predecessor-version":[{"id":47262,"href":"https:\/\/www.sincomam.org.br\/index.php\/wp-json\/wp\/v2\/posts\/47260\/revisions\/47262"}],"wp:featuredmedia":[{"embeddable":true,"href":"https:\/\/www.sincomam.org.br\/index.php\/wp-json\/wp\/v2\/media\/47261"}],"wp:attachment":[{"href":"https:\/\/www.sincomam.org.br\/index.php\/wp-json\/wp\/v2\/media?parent=47260"}],"wp:term":[{"taxonomy":"category","embeddable":true,"href":"https:\/\/www.sincomam.org.br\/index.php\/wp-json\/wp\/v2\/categories?post=47260"},{"taxonomy":"post_tag","embeddable":true,"href":"https:\/\/www.sincomam.org.br\/index.php\/wp-json\/wp\/v2\/tags?post=47260"}],"curies":[{"name":"wp","href":"https:\/\/api.w.org\/{rel}","templated":true}]}}