{"id":47257,"date":"2023-09-04T08:34:32","date_gmt":"2023-09-04T11:34:32","guid":{"rendered":"http:\/\/www.sincomam.org.br\/?p=47257"},"modified":"2023-09-04T08:34:32","modified_gmt":"2023-09-04T11:34:32","slug":"marinha-e-comunidade-nautica-juntas-forum-de-seguranca-do-navegador-amador-em-sao-paulo","status":"publish","type":"post","link":"https:\/\/www.sincomam.org.br\/index.php\/marinha-e-comunidade-nautica-juntas-forum-de-seguranca-do-navegador-amador-em-sao-paulo\/","title":{"rendered":"Marinha e Comunidade N\u00e1utica Juntas: F\u00f3rum de Seguran\u00e7a do Navegador Amador em S\u00e3o Paulo"},"content":{"rendered":"<p>A navega\u00e7\u00e3o, quando realizada com responsabilidade, torna-se mais segura e prazerosa. E foi com essa perspectiva que a\u00a0Marinha do Brasil, por meio da\u00a0Diretoria de Portos e Costas (DPC), do\u00a0Comando do 8\u00ba Distrito Naval\u00a0e da\u00a0Sociedade de Amigos da Marinha de S\u00e3o Paulo (SOAMAR-SP), promoveram o I F\u00f3rum de Seguran\u00e7a do Navegador Amador. Realizado no Clube \u2018A Hebraica\u2019, em S\u00e3o Paulo, este encontro teve como principal objetivo promover uma intera\u00e7\u00e3o efetiva entre representantes da Marinha e empresas do segmento n\u00e1utico.<\/p>\n<p><strong>Temas e destaques<\/strong><\/p>\n<p>O evento, que teve in\u00edcio neste s\u00e1bado (2), abordou temas cruciais para a seguran\u00e7a na navega\u00e7\u00e3o de esporte e recreio. A discuss\u00e3o envolveu desde as responsabilidades dos\u00a0navegadores amadores at\u00e9 as a\u00e7\u00f5es de fiscaliza\u00e7\u00e3o do tr\u00e1fego aquavi\u00e1rio. Importantes figuras da Marinha estiveram presentes, como os Vice-Almirantes Marco Antonio Ismael Trov\u00e3o de Oliveira e S\u00e9rgio Renato Berna Salgueirinho.<\/p>\n<p>O Vice-Almirante S\u00e9rgio Renato Berna Salgueirinho ressaltou a relev\u00e2ncia do f\u00f3rum, indicando que o evento permite um entendimento mais aprofundado sobre como as normas s\u00e3o estabelecidas e quais s\u00e3o os objetivos por tr\u00e1s delas. J\u00e1 o Vice-Almirante Marco Antonio Ismael Trov\u00e3o de Oliveira enfatizou a import\u00e2ncia de um di\u00e1logo cont\u00ednuo para aperfei\u00e7oar as leis e garantir maior prote\u00e7\u00e3o \u00e0 navega\u00e7\u00e3o amadora.<\/p>\n<p><strong>Programa\u00e7\u00e3o empolgante<\/strong><\/p>\n<p>E as atividades n\u00e3o pararam no s\u00e1bado! O f\u00f3rum seguiu com uma programa\u00e7\u00e3o intensa no domingo, 3 de setembro. Foram previstas palestras sobre\u00a0motonautas,\u00a0turismo n\u00e1utico com motos aqu\u00e1ticas, al\u00e9m de debates sobre a contribui\u00e7\u00e3o da Marinha do Brasil na salvaguarda da vida humana no mar. Um destaque ficou para o Coffee Break, um momento n\u00e3o apenas de pausa, mas tamb\u00e9m de networking e troca de experi\u00eancias entre os participantes.<\/p>\n<p>Iniciativas como o\u00a0I F\u00f3rum de Seguran\u00e7a do Navegador Amador\u00a0evidenciam a import\u00e2ncia do di\u00e1logo constante entre as autoridades mar\u00edtimas e a comunidade n\u00e1utica. O sucesso do evento \u00e9 um reflexo da dedica\u00e7\u00e3o e comprometimento da Marinha do Brasil em promover uma navega\u00e7\u00e3o cada vez mais segura e consciente.<\/p>\n<p>Fonte: Defesa em Foco<\/p>\n","protected":false},"excerpt":{"rendered":"<p>A navega\u00e7\u00e3o, quando realizada com responsabilidade, torna-se mais segura e prazerosa. E foi com essa perspectiva que a\u00a0Marinha do Brasil, por meio da\u00a0Diretoria de Portos&#8230;<\/p>\n","protected":false},"author":1527,"featured_media":47258,"comment_status":"closed","ping_status":"closed","sticky":false,"template":"","format":"standard","meta":{"footnotes":""},"categories":[6],"tags":[],"class_list":["post-47257","post","type-post","status-publish","format-standard","has-post-thumbnail","hentry","category-noticias"],"_links":{"self":[{"href":"https:\/\/www.sincomam.org.br\/index.php\/wp-json\/wp\/v2\/posts\/47257","targetHints":{"allow":["GET"]}}],"collection":[{"href":"https:\/\/www.sincomam.org.br\/index.php\/wp-json\/wp\/v2\/posts"}],"about":[{"href":"https:\/\/www.sincomam.org.br\/index.php\/wp-json\/wp\/v2\/types\/post"}],"author":[{"embeddable":true,"href":"https:\/\/www.sincomam.org.br\/index.php\/wp-json\/wp\/v2\/users\/1527"}],"replies":[{"embeddable":true,"href":"https:\/\/www.sincomam.org.br\/index.php\/wp-json\/wp\/v2\/comments?post=47257"}],"version-history":[{"count":1,"href":"https:\/\/www.sincomam.org.br\/index.php\/wp-json\/wp\/v2\/posts\/47257\/revisions"}],"predecessor-version":[{"id":47259,"href":"https:\/\/www.sincomam.org.br\/index.php\/wp-json\/wp\/v2\/posts\/47257\/revisions\/47259"}],"wp:featuredmedia":[{"embeddable":true,"href":"https:\/\/www.sincomam.org.br\/index.php\/wp-json\/wp\/v2\/media\/47258"}],"wp:attachment":[{"href":"https:\/\/www.sincomam.org.br\/index.php\/wp-json\/wp\/v2\/media?parent=47257"}],"wp:term":[{"taxonomy":"category","embeddable":true,"href":"https:\/\/www.sincomam.org.br\/index.php\/wp-json\/wp\/v2\/categories?post=47257"},{"taxonomy":"post_tag","embeddable":true,"href":"https:\/\/www.sincomam.org.br\/index.php\/wp-json\/wp\/v2\/tags?post=47257"}],"curies":[{"name":"wp","href":"https:\/\/api.w.org\/{rel}","templated":true}]}}