{"id":47197,"date":"2023-08-30T08:57:37","date_gmt":"2023-08-30T11:57:37","guid":{"rendered":"http:\/\/www.sincomam.org.br\/?p=47197"},"modified":"2023-08-30T08:57:37","modified_gmt":"2023-08-30T11:57:37","slug":"lula-espera-que-congresso-aprove-a-taxacao-de-super-ricos","status":"publish","type":"post","link":"https:\/\/www.sincomam.org.br\/index.php\/lula-espera-que-congresso-aprove-a-taxacao-de-super-ricos\/","title":{"rendered":"Lula espera que Congresso aprove a taxa\u00e7\u00e3o de super-ricos"},"content":{"rendered":"<p>O presidente Luiz In\u00e1cio Lula da Silva afirmou, nesta ter\u00e7a-feira (29), que o estado de bem-estar social que existe em pa\u00edses da Europa, por exemplo, s\u00f3 existe porque h\u00e1 uma contribui\u00e7\u00e3o equ\u00e2nime e mais justa do pagamento de imposto de renda pela popula\u00e7\u00e3o. Esse, segundo ele, \u00e9 o objetivo do governo com a medida, \u201cjusta e sensata\u201d, anunciada na segunda-feira (28), de\u00a0taxa\u00e7\u00e3o de fundos de super-ricos\u00a0e do capital aplicado em\u00a0offshores\u00a0(empresas no exterior), que ainda deve ser aprovada pelo Congresso Nacional.<img decoding=\"async\" src=\"https:\/\/agenciabrasil.ebc.com.br\/ebc.png?id=1551757&amp;o=node\" \/><img decoding=\"async\" src=\"https:\/\/agenciabrasil.ebc.com.br\/ebc.gif?id=1551757&amp;o=node\" \/><\/p>\n<p>Lula espera que os parlamentares, \u201cde forma madura\u201d, aprovem os textos enviados pelo Executivo e \u201cprotejam os mais pobres\u201d.<\/p>\n<p>\u201cAqui no Brasil, quem paga mais \u00e9 o mais pobre. O mais pobre paga mais imposto de renda do que o dono do banco, porque s\u00f3 desconta mesmo de quem vive de sal\u00e1rio. As pessoas que vivem de rendimento, as pessoas que recebem lucro no final do ano, terminam n\u00e3o pagando imposto de renda. Ent\u00e3o, o que n\u00f3s fizemos \u00e9 uma coisa justa, sensata, que eu espero que o Congresso Nacional, de forma madura, ao inv\u00e9s de proteger os mais ricos, proteja os mais pobres\u201d, disse Lula.<\/p>\n<p>\u201c\u00c9 o que o Brasil est\u00e1 precisando para ser uma sociedade mais democr\u00e1tica, uma sociedade mais igual\u201d, afirmou. \u201cQueremos criar uma sociedade de padr\u00e3o de classe m\u00e9dia, onde todos possam ter emprego, todos possam trabalhar, todos possam estudar, todos possam passear, todos possam ter acesso \u00e0 cultura, ou seja, as pessoas viverem mais dignamente\u201d, acrescentou.<\/p>\n<p>O presidente tamb\u00e9m\u00a0sancionou a lei\u00a0que amplia da faixa de isen\u00e7\u00e3o da tabela do Imposto de Renda para quem ganha at\u00e9 R$ 2.640 ao m\u00eas.<\/p>\n<p>O\u00a0objetivo do governo\u00a0\u00e9 que a isen\u00e7\u00e3o do imposto de renda alcance quem ganha at\u00e9 R$ 5 mil. \u201cJ\u00e1 estamos na metade\u201d, disse Lula. \u201cTem muita gente que ganha muito e paga muito pouco. E tem muita gente que ganha pouco e paga muito\u201d, argumentou.<\/p>\n<p>Lula tamb\u00e9m sancionou a lei que reajusta o sal\u00e1rio m\u00ednimo para R$ 1.320. Para ele, a valoriza\u00e7\u00e3o do sal\u00e1rio \u00e9 a forma de distribuir a riqueza do pa\u00eds. \u201cNa medida que a economia cres\u00e7a, esse crescimento ser\u00e1 repartido com o povo trabalhador, e isso \u00e9 que vai permitir que a gente possa utilizar a palavra \u2018que estamos come\u00e7ando a distribuir a riqueza do crescimento desse pa\u00eds\u2019. Se a gente tiver isso por v\u00e1rios anos, a gente pode transformar a sociedade brasileira em uma sociedade com melhor qualidade de vida\u201d, afirmou.<\/p>\n<p>O texto sancionado nesta ter\u00e7a-feira tamb\u00e9m estabelece a pol\u00edtica de valoriza\u00e7\u00e3o do sal\u00e1rio m\u00ednimo, que prev\u00ea aumento real equivalente \u00e0 varia\u00e7\u00e3o positiva do Produto Interno Bruto (PIB, soma dos bens e servi\u00e7os produzidos no pa\u00eds) de dois anos anteriores ao de vig\u00eancia do novo valor. A pol\u00edtica entrar\u00e1 em vigor a partir de 2024, quando o sal\u00e1rio m\u00ednimo deve chegar a R$ 1.461.<\/p>\n<h2>A\u00e7\u00f5es<\/h2>\n<p>O presidente tamb\u00e9m destacou a\u00a0import\u00e2ncia dos investimentos em educa\u00e7\u00e3o e ci\u00eancia\u00a0para o desenvolvimento do pa\u00eds. Ele lembrou que, neste m\u00eas, anunciou no Rio de Janeiro a primeira Universidade de Matem\u00e1tica do Instituto de Matem\u00e1tica Pura e Aplicada (Impa).<\/p>\n<p>Segundo Lula, novos institutos federais tamb\u00e9m ser\u00e3o constru\u00eddos em todo o pa\u00eds, e o governo quer levar uma extens\u00e3o do Instituto Tecnol\u00f3gico de Aeron\u00e1utica (ITA) para o estado do Cear\u00e1, j\u00e1 que 40% dos aprovados no instituto s\u00e3o do Cear\u00e1. O ITA \u00e9 uma institui\u00e7\u00e3o de ensino superior p\u00fablica da For\u00e7a A\u00e9rea Brasileira, localizado em S\u00e3o Jos\u00e9 dos Campos (SP).<\/p>\n<p>Na semana que vem, o presidente estar\u00e1 em S\u00e3o Paulo para o lan\u00e7amento das obras de uma nova faculdade p\u00fablica na zona leste da capital paulista. \u201cQuanto mais educa\u00e7\u00e3o a gente se der, mais chance a gente tem de ser um pa\u00eds desenvolvido, um pa\u00eds que vai melhorar a vida do povo\u201d, defendeu. \u201cTemos muita gente que \u00e9 g\u00eanio, \u00e9 s\u00f3 dar oportunidade para poder aflorar\u201d, acrescentou.<\/p>\n<p>Em S\u00e3o Paulo, est\u00e1 previsto um ato para o an\u00fancio dos investimentos do governo federal no estado, como na ferrovia entre Campinas e a capital paulista. Lula espera a participa\u00e7\u00e3o do governador Tarc\u00edsio de Freitas, que foi ministro no governo de Jair Bolsonaro e \u00e9 aliado do ex-presidente.<\/p>\n<p>\u201cVamos tentar uma participa\u00e7\u00e3o do governo do estado, se quiser participar. Se n\u00e3o quiser participar, a gente far\u00e1 o ato do mesmo jeito. Mas como n\u00f3s somos civilizados, n\u00f3s vamos fazer e vamos convocar o governador. Porque \u00e9 importante ele estar, porque os compromissos que n\u00f3s vamos assumir s\u00e3o com ele tamb\u00e9m. Se n\u00f3s vamos emprestar dinheiro do governo federal, do BNDES, para fazer a ferrovia Campinas-S\u00e3o Paulo, n\u00f3s queremos que o governador esteja presente, afinal de contas \u00e9 o estado de S\u00e3o Paulo que vai fazer\u201d, disse Lula.<\/p>\n<p>Fonte: Ag\u00eancia Brasil<\/p>\n","protected":false},"excerpt":{"rendered":"<p>O presidente Luiz In\u00e1cio Lula da Silva afirmou, nesta ter\u00e7a-feira (29), que o estado de bem-estar social que existe em pa\u00edses da Europa, por exemplo,&#8230;<\/p>\n","protected":false},"author":1527,"featured_media":47198,"comment_status":"closed","ping_status":"closed","sticky":false,"template":"","format":"standard","meta":{"footnotes":""},"categories":[6],"tags":[],"class_list":["post-47197","post","type-post","status-publish","format-standard","has-post-thumbnail","hentry","category-noticias"],"_links":{"self":[{"href":"https:\/\/www.sincomam.org.br\/index.php\/wp-json\/wp\/v2\/posts\/47197","targetHints":{"allow":["GET"]}}],"collection":[{"href":"https:\/\/www.sincomam.org.br\/index.php\/wp-json\/wp\/v2\/posts"}],"about":[{"href":"https:\/\/www.sincomam.org.br\/index.php\/wp-json\/wp\/v2\/types\/post"}],"author":[{"embeddable":true,"href":"https:\/\/www.sincomam.org.br\/index.php\/wp-json\/wp\/v2\/users\/1527"}],"replies":[{"embeddable":true,"href":"https:\/\/www.sincomam.org.br\/index.php\/wp-json\/wp\/v2\/comments?post=47197"}],"version-history":[{"count":1,"href":"https:\/\/www.sincomam.org.br\/index.php\/wp-json\/wp\/v2\/posts\/47197\/revisions"}],"predecessor-version":[{"id":47199,"href":"https:\/\/www.sincomam.org.br\/index.php\/wp-json\/wp\/v2\/posts\/47197\/revisions\/47199"}],"wp:featuredmedia":[{"embeddable":true,"href":"https:\/\/www.sincomam.org.br\/index.php\/wp-json\/wp\/v2\/media\/47198"}],"wp:attachment":[{"href":"https:\/\/www.sincomam.org.br\/index.php\/wp-json\/wp\/v2\/media?parent=47197"}],"wp:term":[{"taxonomy":"category","embeddable":true,"href":"https:\/\/www.sincomam.org.br\/index.php\/wp-json\/wp\/v2\/categories?post=47197"},{"taxonomy":"post_tag","embeddable":true,"href":"https:\/\/www.sincomam.org.br\/index.php\/wp-json\/wp\/v2\/tags?post=47197"}],"curies":[{"name":"wp","href":"https:\/\/api.w.org\/{rel}","templated":true}]}}