{"id":47194,"date":"2023-08-30T08:28:09","date_gmt":"2023-08-30T11:28:09","guid":{"rendered":"http:\/\/www.sincomam.org.br\/?p=47194"},"modified":"2023-08-30T08:28:09","modified_gmt":"2023-08-30T11:28:09","slug":"comando-do-3o-distrito-naval-realiza-1o-exercicio-teorico-de-seguranca-da-informacao-e-cibernetica","status":"publish","type":"post","link":"https:\/\/www.sincomam.org.br\/index.php\/comando-do-3o-distrito-naval-realiza-1o-exercicio-teorico-de-seguranca-da-informacao-e-cibernetica\/","title":{"rendered":"Comando do 3\u00ba Distrito Naval realiza \u201c1\u00ba Exerc\u00edcio Te\u00f3rico de Seguran\u00e7a da Informa\u00e7\u00e3o e Cibern\u00e9tica\u201d"},"content":{"rendered":"<p>No dia 18 de julho, o\u00a0Comando do 3\u00ba Distrito Naval\u00a0conduziu o \u201c1\u00ba Exerc\u00edcio Te\u00f3rico de Seguran\u00e7a da Informa\u00e7\u00e3o e Cibern\u00e9tica\u201d. Este evento, coordenado pelo Centro Local de Tecnologia da Informa\u00e7\u00e3o (CLTI), foi concebido com o prop\u00f3sito de avaliar e aprimorar o conhecimento dos Administradores da Rede Local das Organiza\u00e7\u00f5es Militares (OM) subordinadas acerca das a\u00e7\u00f5es de Prote\u00e7\u00e3o da Informa\u00e7\u00e3o e de Defesa Cibern\u00e9tica.<\/p>\n<p><strong>Disseminando Conhecimentos sobre Amea\u00e7as H\u00edbridas e Contramedidas<\/strong><\/p>\n<p>Durante o exerc\u00edcio, os participantes puderam aprofundar seus conhecimentos sobre as\u00a0amea\u00e7as h\u00edbridas\u00a0existentes no contexto da Guerra Cibern\u00e9tica, e a forma como estas amea\u00e7as podem comprometer a\u00a0Seguran\u00e7a da Informa\u00e7\u00e3o e Comunica\u00e7\u00f5es. Al\u00e9m disso, as contramedidas necess\u00e1rias para preven\u00e7\u00e3o, mitiga\u00e7\u00e3o ou elimina\u00e7\u00e3o dessas amea\u00e7as foram abordadas e discutidas. Os militares do CLTI tamb\u00e9m puderam aplicar seus conhecimentos atrav\u00e9s de exerc\u00edcios pr\u00e1ticos.<\/p>\n<p><strong>Aplicando Normas de Tecnologia da Informa\u00e7\u00e3o e Comunica\u00e7\u00e3o em A\u00e7\u00f5es de Defesa<\/strong><\/p>\n<p>As a\u00e7\u00f5es, que envolveram 28 OM subordinadas, consistiam em responder a situa\u00e7\u00f5es hipot\u00e9ticas propostas que s\u00e3o suscept\u00edveis de ocorrer na OM. As respostas deveriam ser fundamentadas nas\u00a0Normas de Tecnologia da Informa\u00e7\u00e3o e Comunica\u00e7\u00e3o\u00a0em vigor na Marinha do Brasil, como: Instru\u00e7\u00f5es, Procedimentos T\u00e9cnicos, Normas T\u00e9cnicas da Diretoria de Comunica\u00e7\u00f5es e Tecnologia da Informa\u00e7\u00e3o, al\u00e9m de adestramentos e mensagens sobre o Fortalecimento da Seguran\u00e7a da Informa\u00e7\u00e3o expedidas a cada 15 dias.<\/p>\n<p><strong>Implica\u00e7\u00f5es para a Seguran\u00e7a Nacional<\/strong><\/p>\n<p>A realiza\u00e7\u00e3o deste exerc\u00edcio tem uma relev\u00e2ncia crucial para a seguran\u00e7a nacional. Aprender a identificar e combater as amea\u00e7as cibern\u00e9ticas \u00e9 fundamental num mundo cada vez mais digital. Essas atividades demonstram a seriedade e a efici\u00eancia do Comando do 3\u00ba Distrito Naval na forma\u00e7\u00e3o de profissionais preparados para lidar com esses desafios, e refor\u00e7am o compromisso da Marinha do Brasil com a seguran\u00e7a da informa\u00e7\u00e3o e a defesa cibern\u00e9tica.<\/p>\n<p>Fonte: Defesa em Foco<\/p>\n","protected":false},"excerpt":{"rendered":"<p>No dia 18 de julho, o\u00a0Comando do 3\u00ba Distrito Naval\u00a0conduziu o \u201c1\u00ba Exerc\u00edcio Te\u00f3rico de Seguran\u00e7a da Informa\u00e7\u00e3o e Cibern\u00e9tica\u201d. Este evento, coordenado pelo Centro&#8230;<\/p>\n","protected":false},"author":1527,"featured_media":47195,"comment_status":"closed","ping_status":"closed","sticky":false,"template":"","format":"standard","meta":{"footnotes":""},"categories":[6],"tags":[],"class_list":["post-47194","post","type-post","status-publish","format-standard","has-post-thumbnail","hentry","category-noticias"],"_links":{"self":[{"href":"https:\/\/www.sincomam.org.br\/index.php\/wp-json\/wp\/v2\/posts\/47194","targetHints":{"allow":["GET"]}}],"collection":[{"href":"https:\/\/www.sincomam.org.br\/index.php\/wp-json\/wp\/v2\/posts"}],"about":[{"href":"https:\/\/www.sincomam.org.br\/index.php\/wp-json\/wp\/v2\/types\/post"}],"author":[{"embeddable":true,"href":"https:\/\/www.sincomam.org.br\/index.php\/wp-json\/wp\/v2\/users\/1527"}],"replies":[{"embeddable":true,"href":"https:\/\/www.sincomam.org.br\/index.php\/wp-json\/wp\/v2\/comments?post=47194"}],"version-history":[{"count":1,"href":"https:\/\/www.sincomam.org.br\/index.php\/wp-json\/wp\/v2\/posts\/47194\/revisions"}],"predecessor-version":[{"id":47196,"href":"https:\/\/www.sincomam.org.br\/index.php\/wp-json\/wp\/v2\/posts\/47194\/revisions\/47196"}],"wp:featuredmedia":[{"embeddable":true,"href":"https:\/\/www.sincomam.org.br\/index.php\/wp-json\/wp\/v2\/media\/47195"}],"wp:attachment":[{"href":"https:\/\/www.sincomam.org.br\/index.php\/wp-json\/wp\/v2\/media?parent=47194"}],"wp:term":[{"taxonomy":"category","embeddable":true,"href":"https:\/\/www.sincomam.org.br\/index.php\/wp-json\/wp\/v2\/categories?post=47194"},{"taxonomy":"post_tag","embeddable":true,"href":"https:\/\/www.sincomam.org.br\/index.php\/wp-json\/wp\/v2\/tags?post=47194"}],"curies":[{"name":"wp","href":"https:\/\/api.w.org\/{rel}","templated":true}]}}