{"id":47165,"date":"2023-08-29T09:03:51","date_gmt":"2023-08-29T12:03:51","guid":{"rendered":"http:\/\/www.sincomam.org.br\/?p=47165"},"modified":"2023-08-29T09:03:51","modified_gmt":"2023-08-29T12:03:51","slug":"obras-de-derrocagem-dao-inicio-ao-aprofundamento-de-areas-do-porto-do-rio-de-janeiro","status":"publish","type":"post","link":"https:\/\/www.sincomam.org.br\/index.php\/obras-de-derrocagem-dao-inicio-ao-aprofundamento-de-areas-do-porto-do-rio-de-janeiro\/","title":{"rendered":"Obras de derrocagem d\u00e3o in\u00edcio ao aprofundamento de \u00e1reas do Porto do Rio de Janeiro"},"content":{"rendered":"<p>A \u00faltima sexta-feira (25) marcou o in\u00edcio do projeto de aprofundamento em quatro \u00e1reas do Porto do Rio de Janeiro, com a primeira detona\u00e7\u00e3o das obras de derrocagem. Essa iniciativa \u00e9 resultado de uma parceria p\u00fablico-privada que emprega a t\u00e9cnica de derrocamento com uso de expansores explosivos para remover o material rochoso nessas regi\u00f5es.<\/p>\n<p>As perfura\u00e7\u00f5es que possibilitaram a implanta\u00e7\u00e3o das emuls\u00f5es explosivas tiveram in\u00edcio em 15 de agosto. A autoridade portu\u00e1ria destaca que todos os licenciamentos e permiss\u00f5es exigidos pelas autoridades \u2014 PortosRio, Instituto Estadual do Ambiente (INEA), Capitania dos Portos do Rio de Janeiro\/Marinha do Brasil (CPRJ\/MB) e Ex\u00e9rcito Brasileiro (EB) \u2014 foram obtidos, garantindo total conformidade com os crit\u00e9rios de seguran\u00e7a e sustentabilidade.<\/p>\n<p>O objetivo central da derrocagem \u00e9 melhorar a capacidade de navega\u00e7\u00e3o e atraca\u00e7\u00e3o de navios de maior porte no porto, ao mesmo tempo em que se proporciona uma maior seguran\u00e7a nas manobras das embarca\u00e7\u00f5es no local.<\/p>\n<div id=\"beacon_6e29a9fb44\"><\/div>\n<p>O projeto tamb\u00e9m abranger\u00e1 monitoramentos regulares da qualidade da \u00e1gua, medidas de prote\u00e7\u00e3o ao ambiente marinho e a preserva\u00e7\u00e3o das estruturas e edifica\u00e7\u00f5es pr\u00f3ximas.<\/p>\n<p>Para o pr\u00f3ximo ano est\u00e1 prevista uma dragagem complementar de todo o cais da Gamboa j\u00e1 aprovada no or\u00e7amento com recursos do Programa de Acelera\u00e7\u00e3o do Crescimento (PAC).<\/p>\n<p>Fonte: Portos e Navios<\/p>\n","protected":false},"excerpt":{"rendered":"<p>A \u00faltima sexta-feira (25) marcou o in\u00edcio do projeto de aprofundamento em quatro \u00e1reas do Porto do Rio de Janeiro, com a primeira detona\u00e7\u00e3o das&#8230;<\/p>\n","protected":false},"author":1527,"featured_media":47166,"comment_status":"closed","ping_status":"closed","sticky":false,"template":"","format":"standard","meta":{"footnotes":""},"categories":[6],"tags":[],"class_list":["post-47165","post","type-post","status-publish","format-standard","has-post-thumbnail","hentry","category-noticias"],"_links":{"self":[{"href":"https:\/\/www.sincomam.org.br\/index.php\/wp-json\/wp\/v2\/posts\/47165","targetHints":{"allow":["GET"]}}],"collection":[{"href":"https:\/\/www.sincomam.org.br\/index.php\/wp-json\/wp\/v2\/posts"}],"about":[{"href":"https:\/\/www.sincomam.org.br\/index.php\/wp-json\/wp\/v2\/types\/post"}],"author":[{"embeddable":true,"href":"https:\/\/www.sincomam.org.br\/index.php\/wp-json\/wp\/v2\/users\/1527"}],"replies":[{"embeddable":true,"href":"https:\/\/www.sincomam.org.br\/index.php\/wp-json\/wp\/v2\/comments?post=47165"}],"version-history":[{"count":1,"href":"https:\/\/www.sincomam.org.br\/index.php\/wp-json\/wp\/v2\/posts\/47165\/revisions"}],"predecessor-version":[{"id":47167,"href":"https:\/\/www.sincomam.org.br\/index.php\/wp-json\/wp\/v2\/posts\/47165\/revisions\/47167"}],"wp:featuredmedia":[{"embeddable":true,"href":"https:\/\/www.sincomam.org.br\/index.php\/wp-json\/wp\/v2\/media\/47166"}],"wp:attachment":[{"href":"https:\/\/www.sincomam.org.br\/index.php\/wp-json\/wp\/v2\/media?parent=47165"}],"wp:term":[{"taxonomy":"category","embeddable":true,"href":"https:\/\/www.sincomam.org.br\/index.php\/wp-json\/wp\/v2\/categories?post=47165"},{"taxonomy":"post_tag","embeddable":true,"href":"https:\/\/www.sincomam.org.br\/index.php\/wp-json\/wp\/v2\/tags?post=47165"}],"curies":[{"name":"wp","href":"https:\/\/api.w.org\/{rel}","templated":true}]}}