{"id":47155,"date":"2023-08-28T07:45:33","date_gmt":"2023-08-28T10:45:33","guid":{"rendered":"http:\/\/www.sincomam.org.br\/?p=47155"},"modified":"2023-08-26T14:50:09","modified_gmt":"2023-08-26T17:50:09","slug":"veja-o-que-muda-para-cada-faixa-salarial-apos-a-nova-isencao-do-ir-aprovada-pelo-congresso","status":"publish","type":"post","link":"https:\/\/www.sincomam.org.br\/index.php\/veja-o-que-muda-para-cada-faixa-salarial-apos-a-nova-isencao-do-ir-aprovada-pelo-congresso\/","title":{"rendered":"Veja o que muda para cada faixa salarial ap\u00f3s a nova isen\u00e7\u00e3o do IR, aprovada pelo Congresso"},"content":{"rendered":"<div id=\"chunk-38tel\">\n<div class=\"mc-column content-text active-extra-styles active-capital-letter\" data-block-type=\"unstyled\" data-block-weight=\"21\" data-block-id=\"2\">\n<p class=\"content-text__container theme-color-primary-first-letter\" data-track-category=\"Link no Texto\" data-track-links=\"\">O\u00a0Congresso Nacional\u00a0terminou de\u00a0aprovar nesta quinta-feira\u00a0(24) a medida provis\u00f3ria da nova faixa de isen\u00e7\u00e3o do Imposto de Renda.<\/p>\n<\/div>\n<\/div>\n<div class=\"wall protected-content\">\n<div id=\"chunk-2l7u8\">\n<div class=\"mc-column content-text active-extra-styles \" data-block-type=\"unstyled\" data-block-weight=\"28\" data-block-id=\"3\">\n<p class=\"content-text__container \" data-track-category=\"Link no Texto\" data-track-links=\"\">Segundo o texto, quem ganha at\u00e9 R$ 2.640 por m\u00eas n\u00e3o pagar\u00e1 Imposto de Renda, valor equivalente a dois sal\u00e1rios m\u00ednimos. Atualmente, esta isen\u00e7\u00e3o \u00e9 de R$ 1.903.<\/p>\n<\/div>\n<\/div>\n<div id=\"chunk-2lk19\">\n<div class=\"mc-column content-text active-extra-styles \" data-block-type=\"unstyled\" data-block-weight=\"25\" data-block-id=\"4\">\n<p class=\"content-text__container \" data-track-category=\"Link no Texto\" data-track-links=\"\">A faixa de isen\u00e7\u00e3o subiu para R$ 2.112. Para completar os R$ 2.640 (dois sal\u00e1rios m\u00ednimos), o governo dar\u00e1 um desconto autom\u00e1tico de R$ 528.<\/p>\n<\/div>\n<\/div>\n<div id=\"chunk-34ap0\">\n<div class=\"mc-column content-text active-extra-styles \" data-block-type=\"unstyled\" data-block-weight=\"40\" data-block-id=\"5\">\n<p class=\"content-text__container \" data-track-category=\"Link no Texto\" data-track-links=\"\">Com o aumento da isen\u00e7\u00e3o, mesmo quem ganha mais de dois sal\u00e1rios m\u00ednimos ser\u00e1 afetado. Isso porque o imposto n\u00e3o \u00e9 cobrado sobre todo o sal\u00e1rio \u2013 s\u00f3 incide nos valores que ultrapassam as faixas isentas ou de tributa\u00e7\u00e3o reduzida.<\/p>\n<\/div>\n<\/div>\n<div id=\"chunk-ar9s5\">\n<div class=\"mc-column content-text active-extra-styles \" data-block-type=\"unstyled\" data-block-weight=\"34\" data-block-id=\"6\">\n<p class=\"content-text__container \" data-track-category=\"Link no Texto\" data-track-links=\"\">Por exemplo: quem ganha R$ 4 mil por m\u00eas (e se encaixa na faixa 4 ), n\u00e3o paga 22,5% sobre toda a parte tribut\u00e1vel do sal\u00e1rio. S\u00f3 sobre a parte acima da isen\u00e7\u00e3o.<\/p>\n<\/div>\n<\/div>\n<div id=\"chunk-36kb3\">\n<div class=\"mc-column content-text active-extra-styles \" data-block-type=\"unstyled\" data-block-weight=\"15\" data-block-id=\"7\">\n<p class=\"content-text__container \" data-track-category=\"Link no Texto\" data-track-links=\"\">Mas o valor que as faixas salariais v\u00e3o deduzir a mais mensalmente \u00e9 pequeno.<\/p>\n<\/div>\n<\/div>\n<div id=\"chunk-qlat\">\n<div class=\"mc-column content-text active-extra-styles\" data-block-type=\"raw\" data-block-weight=\"1\" data-block-id=\"8\">\n<p class=\"content-text__container\"><strong>Valores<\/strong><\/p>\n<p>Os novos valores j\u00e1 valiam desde maio, quando a medida provis\u00f3ria foi publicada.<\/p>\n<\/div>\n<\/div>\n<div id=\"chunk-8trq3\">\n<div class=\"mc-column content-text active-extra-styles \" data-block-type=\"unstyled\" data-block-weight=\"8\" data-block-id=\"10\">\n<div id=\"chunk-a31e0\">\n<div class=\"mc-column content-text active-extra-styles \" data-block-type=\"unstyled\" data-block-weight=\"41\" data-block-id=\"12\">\n<p class=\"content-text__container \" data-track-category=\"Link no Texto\" data-track-links=\"\">Se o contribuinte se enquadra na faixa 3 e recebe de R$ 2.826,66 a R$ 3.751,05, a parcela a deduzir passou de R$ 354,80 para R$ 370,40 com a regra atual \u2013 uma diferen\u00e7a de R$ 15,60.<\/p>\n<\/div>\n<\/div>\n<div id=\"chunk-46gu1\">\n<div class=\"mc-column content-text active-extra-styles \" data-block-type=\"unstyled\" data-block-weight=\"24\" data-block-id=\"13\">\n<p class=\"content-text__container \" data-track-category=\"Link no Texto\" data-track-links=\"\">Isso vale para todos aqueles que ganham acima de dois sal\u00e1rios m\u00ednimos \u2013 quem ganha at\u00e9 R$ 2.640 est\u00e1 isento do Imposto de Renda.<\/p>\n<\/div>\n<\/div>\n<div id=\"chunk-arcg0\">\n<div class=\"bs-video-block mc-column  content-media content-video\" data-block-type=\"backstage-video\" data-block-id=\"14\">\n<div class=\"content-media__container\">\n<div class=\"content-video__bigger-player-description-fixer\">\n<article class=\"content-video\">\n<section class=\"content-video__video-container\">\n<div class=\"content-video__video\">\n<div class=\"content-video__placeholder\" data-video-id=\"11889353\" data-video-has-viewport-play=\"True\">Fonte: G1<\/div>\n<\/div>\n<\/section>\n<\/article>\n<\/div>\n<\/div>\n<\/div>\n<\/div>\n<p data-track-category=\"Link no Texto\" data-track-links=\"\">\n<\/div>\n<\/div>\n<\/div>\n","protected":false},"excerpt":{"rendered":"<p>O\u00a0Congresso Nacional\u00a0terminou de\u00a0aprovar nesta quinta-feira\u00a0(24) a medida provis\u00f3ria da nova faixa de isen\u00e7\u00e3o do Imposto de Renda. Segundo o texto, quem ganha at\u00e9 R$ 2.640&#8230;<\/p>\n","protected":false},"author":1527,"featured_media":47124,"comment_status":"closed","ping_status":"closed","sticky":false,"template":"","format":"standard","meta":{"footnotes":""},"categories":[6],"tags":[],"class_list":["post-47155","post","type-post","status-publish","format-standard","has-post-thumbnail","hentry","category-noticias"],"_links":{"self":[{"href":"https:\/\/www.sincomam.org.br\/index.php\/wp-json\/wp\/v2\/posts\/47155","targetHints":{"allow":["GET"]}}],"collection":[{"href":"https:\/\/www.sincomam.org.br\/index.php\/wp-json\/wp\/v2\/posts"}],"about":[{"href":"https:\/\/www.sincomam.org.br\/index.php\/wp-json\/wp\/v2\/types\/post"}],"author":[{"embeddable":true,"href":"https:\/\/www.sincomam.org.br\/index.php\/wp-json\/wp\/v2\/users\/1527"}],"replies":[{"embeddable":true,"href":"https:\/\/www.sincomam.org.br\/index.php\/wp-json\/wp\/v2\/comments?post=47155"}],"version-history":[{"count":1,"href":"https:\/\/www.sincomam.org.br\/index.php\/wp-json\/wp\/v2\/posts\/47155\/revisions"}],"predecessor-version":[{"id":47156,"href":"https:\/\/www.sincomam.org.br\/index.php\/wp-json\/wp\/v2\/posts\/47155\/revisions\/47156"}],"wp:featuredmedia":[{"embeddable":true,"href":"https:\/\/www.sincomam.org.br\/index.php\/wp-json\/wp\/v2\/media\/47124"}],"wp:attachment":[{"href":"https:\/\/www.sincomam.org.br\/index.php\/wp-json\/wp\/v2\/media?parent=47155"}],"wp:term":[{"taxonomy":"category","embeddable":true,"href":"https:\/\/www.sincomam.org.br\/index.php\/wp-json\/wp\/v2\/categories?post=47155"},{"taxonomy":"post_tag","embeddable":true,"href":"https:\/\/www.sincomam.org.br\/index.php\/wp-json\/wp\/v2\/tags?post=47155"}],"curies":[{"name":"wp","href":"https:\/\/api.w.org\/{rel}","templated":true}]}}