{"id":47152,"date":"2023-08-28T07:40:35","date_gmt":"2023-08-28T10:40:35","guid":{"rendered":"http:\/\/www.sincomam.org.br\/?p=47152"},"modified":"2023-08-26T14:45:29","modified_gmt":"2023-08-26T17:45:29","slug":"aneel-mantem-bandeira-tarifaria-verde-para-setembro","status":"publish","type":"post","link":"https:\/\/www.sincomam.org.br\/index.php\/aneel-mantem-bandeira-tarifaria-verde-para-setembro\/","title":{"rendered":"Aneel mant\u00e9m bandeira tarif\u00e1ria verde para setembro"},"content":{"rendered":"<p>O consumidor n\u00e3o pagar\u00e1 cobran\u00e7a extra sobre a conta de luz em setembro. A Ag\u00eancia Nacional de Energia El\u00e9trica (Aneel) manteve a bandeira verde para o pr\u00f3ximo m\u00eas para todos os consumidores conectados ao Sistema Interligado Nacional (SIN).<img decoding=\"async\" src=\"https:\/\/agenciabrasil.ebc.com.br\/ebc.png?id=1551335&amp;o=node\" \/><img decoding=\"async\" src=\"https:\/\/agenciabrasil.ebc.com.br\/ebc.gif?id=1551335&amp;o=node\" \/><\/p>\n<p>A conta de luz est\u00e1 sem essas taxas desde o fim da bandeira de escassez h\u00eddrica, que durou de setembro de 2021 at\u00e9 meados de abril de 2022. Segundo a Aneel, na ocasi\u00e3o, a bandeira verde foi escolhida devido \u00e0s condi\u00e7\u00f5es favor\u00e1veis de gera\u00e7\u00e3o de energia, com os reservat\u00f3rios das usinas hidrel\u00e9tricas em n\u00edveis satisfat\u00f3rios.\u00a0O n\u00edvel de armazenamento dos reservat\u00f3rios, informou a ag\u00eancia reguladora, atingiu 87% em m\u00e9dia no in\u00edcio do per\u00edodo seco, o que explica o cen\u00e1rio favor\u00e1vel do momento.<\/p>\n<p>Caso houvesse a institui\u00e7\u00e3o das outras bandeiras, a conta de luz refletiria o reajuste de at\u00e9 64% das bandeiras tarif\u00e1rias\u00a0aprovado em junho de 2022 pela Aneel. Segundo a ag\u00eancia, os aumentos refletiram a infla\u00e7\u00e3o e o maior custo das usinas termel\u00e9tricas neste ano, decorrente do encarecimento do petr\u00f3leo e do g\u00e1s natural nos \u00faltimos meses.<\/p>\n<p>Na \u00faltima ter\u00e7a-feira (22), a Aneel aprovou uma\u00a0consulta p\u00fablica\u00a0para baratear as bandeiras tarif\u00e1rias em at\u00e9 36,9%. O \u00f3rg\u00e3o citou tr\u00eas fatores para justificar a redu\u00e7\u00e3o: reservat\u00f3rios cheios, expans\u00e3o de energia e\u00f3lica e solar e queda no pre\u00e7o internacional dos combust\u00edveis f\u00f3sseis.<\/p>\n<h2>Bandeiras Tarif\u00e1rias<\/h2>\n<p>Criadas em 2015 pela Aneel, as\u00a0bandeiras tarif\u00e1rias\u00a0refletem os custos vari\u00e1veis da gera\u00e7\u00e3o de energia el\u00e9trica. Divididas em n\u00edveis, as bandeiras indicam quanto est\u00e1 custando para o SIN gerar a energia usada nas casas, em estabelecimentos comerciais e nas ind\u00fastrias.<\/p>\n<p>Quando a conta de luz \u00e9 calculada pela bandeira verde, n\u00e3o h\u00e1 nenhum acr\u00e9scimo. Quando s\u00e3o aplicadas as bandeiras vermelha ou amarela, a conta sofre acr\u00e9scimos, que variam de R$ 2,989 (bandeira amarela) a R$ 9,795 (bandeira vermelha patamar 2) a cada 100 quilowatts-hora (kWh) consumidos. No per\u00edodo em que a bandeira de escassez h\u00eddrica vigorou, de setembro de 2021 a 15 de abril de 2022, o consumidor pagava R$ 14,20 extras a cada 100 kWh.<\/p>\n<p>O Sistema Interligado Nacional \u00e9 dividido em quatro subsistemas: Sudeste\/Centro-Oeste, Sul, Nordeste e Norte. Praticamente todo o pa\u00eds \u00e9 coberto pelo SIN. A exce\u00e7\u00e3o s\u00e3o algumas partes de estados da Regi\u00e3o Norte e de Mato Grosso, al\u00e9m de todo o estado de Roraima. Atualmente, h\u00e1 212 localidades isoladas do SIN, nas quais o consumo \u00e9 baixo e representa menos de 1% da carga total do pa\u00eds. A demanda por energia nessas regi\u00f5es \u00e9 suprida, principalmente, por t\u00e9rmicas a \u00f3leo diesel.<\/p>\n<p>Fonte: Ag\u00eancia Brasil<\/p>\n","protected":false},"excerpt":{"rendered":"<p>O consumidor n\u00e3o pagar\u00e1 cobran\u00e7a extra sobre a conta de luz em setembro. A Ag\u00eancia Nacional de Energia El\u00e9trica (Aneel) manteve a bandeira verde para&#8230;<\/p>\n","protected":false},"author":1527,"featured_media":47153,"comment_status":"closed","ping_status":"closed","sticky":false,"template":"","format":"standard","meta":{"footnotes":""},"categories":[6],"tags":[],"class_list":["post-47152","post","type-post","status-publish","format-standard","has-post-thumbnail","hentry","category-noticias"],"_links":{"self":[{"href":"https:\/\/www.sincomam.org.br\/index.php\/wp-json\/wp\/v2\/posts\/47152","targetHints":{"allow":["GET"]}}],"collection":[{"href":"https:\/\/www.sincomam.org.br\/index.php\/wp-json\/wp\/v2\/posts"}],"about":[{"href":"https:\/\/www.sincomam.org.br\/index.php\/wp-json\/wp\/v2\/types\/post"}],"author":[{"embeddable":true,"href":"https:\/\/www.sincomam.org.br\/index.php\/wp-json\/wp\/v2\/users\/1527"}],"replies":[{"embeddable":true,"href":"https:\/\/www.sincomam.org.br\/index.php\/wp-json\/wp\/v2\/comments?post=47152"}],"version-history":[{"count":1,"href":"https:\/\/www.sincomam.org.br\/index.php\/wp-json\/wp\/v2\/posts\/47152\/revisions"}],"predecessor-version":[{"id":47154,"href":"https:\/\/www.sincomam.org.br\/index.php\/wp-json\/wp\/v2\/posts\/47152\/revisions\/47154"}],"wp:featuredmedia":[{"embeddable":true,"href":"https:\/\/www.sincomam.org.br\/index.php\/wp-json\/wp\/v2\/media\/47153"}],"wp:attachment":[{"href":"https:\/\/www.sincomam.org.br\/index.php\/wp-json\/wp\/v2\/media?parent=47152"}],"wp:term":[{"taxonomy":"category","embeddable":true,"href":"https:\/\/www.sincomam.org.br\/index.php\/wp-json\/wp\/v2\/categories?post=47152"},{"taxonomy":"post_tag","embeddable":true,"href":"https:\/\/www.sincomam.org.br\/index.php\/wp-json\/wp\/v2\/tags?post=47152"}],"curies":[{"name":"wp","href":"https:\/\/api.w.org\/{rel}","templated":true}]}}