{"id":47103,"date":"2023-08-24T09:51:16","date_gmt":"2023-08-24T12:51:16","guid":{"rendered":"http:\/\/www.sincomam.org.br\/?p=47103"},"modified":"2023-08-24T09:51:16","modified_gmt":"2023-08-24T12:51:16","slug":"inss-promove-mutirao-de-pericias-medicas-em-11-estados","status":"publish","type":"post","link":"https:\/\/www.sincomam.org.br\/index.php\/inss-promove-mutirao-de-pericias-medicas-em-11-estados\/","title":{"rendered":"INSS promove mutir\u00e3o de per\u00edcias m\u00e9dicas em 11 estados"},"content":{"rendered":"<p>O Instituto Nacional do Seguro Social (INSS), vinculado\u00a0ao Minist\u00e9rio da Previd\u00eancia Social, vai realizar, no s\u00e1bado (26) e\u00a0no domingo (27), em 11 estados, o mutir\u00e3o da\u00a0Per\u00edcia M\u00e9dica Federal. A iniciativa visa diminuir o tempo que os segurados da Previd\u00eancia Social esperam pelo atendimento, al\u00e9m de reduzir o volume de requerimentos que dependem do servi\u00e7o pericial.\u00a0<img decoding=\"async\" src=\"https:\/\/agenciabrasil.ebc.com.br\/ebc.png?id=1550686&amp;o=node\" \/><img decoding=\"async\" src=\"https:\/\/agenciabrasil.ebc.com.br\/ebc.gif?id=1550686&amp;o=node\" \/><\/p>\n<p>Durante o mutir\u00e3o, ser\u00e3o feitas\u00a0per\u00edcias iniciais para concess\u00e3o do\u00a0Benef\u00edcio por Incapacidade Tempor\u00e1ria (antigo Aux\u00edlio-Doen\u00e7a) e o Benef\u00edcio Assistencial \u00e0 Pessoa com Defici\u00eancia (BPC\/Loas).<\/p>\n<p>A previs\u00e3o do Minist\u00e9rio da Previd\u00eancia Social \u00e9 que sejam realizados 2,5 mil atendimentos\u00a0por 50 peritos, servidores do INSS\u00a0que aderiram ao\u00a0Programa de Enfrentamento \u00e0 Fila da Previd\u00eancia Social (PEFPS),\u00a0<a href=\"https:\/\/www.planalto.gov.br\/ccivil_03\/_Ato2023-2026\/2023\/Mpv\/mpv1181.htm\" target=\"_blank\" rel=\"noopener\">institu\u00eddo em julho<\/a>.<\/p>\n<p>Os postos do INSS v\u00e3o atender benefici\u00e1rios do INSS nos estados do Rio Grande do Sul, Paran\u00e1, Para\u00edba, Cear\u00e1, Pernambuco, Maranh\u00e3o, Amazonas, Par\u00e1, Goi\u00e1s, Minas Gerais e Rio de Janeiro.<\/p>\n<p>De acordo com o Minist\u00e9rio da Previd\u00eancia Social, a escolha das localidades levou em considera\u00e7\u00e3o o tempo de espera entre o agendamento e a realiza\u00e7\u00e3o da per\u00edcia m\u00e9dica,\u00a0al\u00e9m da estrutura dispon\u00edvel em cada local\u00a0e a quantidade de peritos.\u00a0O novo programa paga b\u00f4nus de produtividade a\u00a0servidores do instituto que aderiram ao programa para\u00a0redu\u00e7\u00e3o de filas.<\/p>\n<p>Os segurados com direito a\u00a0atendimento antecipado pelos mutir\u00f5es ser\u00e3o notificados pelo pr\u00f3prio instituto<\/p>\n<p>Para esclarecer d\u00favidas, os interessados podem ligar para a Central de Atendimento do INSS, n\u00famero 135; acessar o\u00a0<a href=\"https:\/\/meu.inss.gov.br\/#\/login\" target=\"_blank\" rel=\"noopener\">site<\/a>\u00a0Meu INSS ou o aplicativo com o mesmo nome, dispon\u00edvel nos sistemas Android e iOS.<\/p>\n<h2>Benef\u00edcios do mutir\u00e3o<\/h2>\n<p>As per\u00edcias iniciais contempladas no mutir\u00e3o deste fim de semana vai embasar a decis\u00e3o de concess\u00e3o de dois benef\u00edcios previdenci\u00e1rios distintos: o de incapacidade para o trabalho e o de\u00a0 pessoa com defici\u00eancia, conforme as condi\u00e7\u00f5es estabelecidas.<\/p>\n<p>O benef\u00edcio por incapacidade tempor\u00e1ria servi\u00e7o \u00e9 destinado \u00e0 pessoa que comprove, por meio de per\u00edcia m\u00e9dica, estar doente e incapaz para o trabalho ou atividade habitual de forma tempor\u00e1ria, em per\u00edodo igual ou superior a 15 dias seguidos.<\/p>\n<p>Para fazer a solicita\u00e7\u00e3o do aux\u00edlio \u00e9 preciso entrar no\u00a0<a href=\"https:\/\/meu.inss.gov.br\/#\/login\" target=\"_blank\" rel=\"noopener\">site<\/a>\u00a0do\u00a0Meu INSS. O segurado da Previd\u00eancia Social n\u00e3o precisar\u00e1 ir a uma ag\u00eancia, neste primeiro momento. Depois ele poder\u00e1 ser chamado para passar pela per\u00edcia m\u00e9dica ou apenas\u00a0enviar remotamente\u00a0os documentos solicitados pelo instituto.<\/p>\n<p>A novas condi\u00e7\u00f5es de dispensa da\u00a0per\u00edcia\u00a0por meio da\u00a0an\u00e1lise documental, est\u00e3o definidas na\u00a0<a href=\"https:\/\/www.in.gov.br\/en\/web\/dou\/-\/portaria-conjunta-mps\/inss-n-38-de-20-de-julho-de-2023-497859087\" target=\"_blank\" rel=\"noopener\">portaria<\/a>\u00a0conjunta, publicada em julho deste ano.<\/p>\n<p>Ap\u00f3s essa fase de atendimento pelo perito ou an\u00e1lise documental, ser\u00e1 avaliado se o benef\u00edcio \u00e9 devido e, em caso afirmativo, se o benef\u00edcio ser\u00e1 tempor\u00e1rio (aux\u00edlio-doen\u00e7a) ou permanente (aposentadoria por invalidez). Caso o processo seja negado, o usu\u00e1rio ter\u00e1 15 dias para realizar um novo requerimento.<\/p>\n<p>No caso do\u00a0BPC\/Loas, que paga um sal\u00e1rio m\u00ednimo por m\u00eas para a pessoa com defici\u00eancia &#8211; com renda familiar de at\u00e9 25% do sal\u00e1rio m\u00ednimo &#8211;\u00a0n\u00e3o \u00e9 necess\u00e1rio ter contribu\u00eddo para o INSS. No entanto, n\u00e3o d\u00e1 direito ao 13\u00ba sal\u00e1rio e n\u00e3o deixa pens\u00e3o por morte. O pedido \u00e9 realizado somente pela internet.<\/p>\n<h2>Munic\u00edpios do mutir\u00e3o<\/h2>\n<p>Os seguintes munic\u00edpios ter\u00e3o mutir\u00e3o da Per\u00edcia M\u00e9dica Federal do INSS, em 26 e 27 de agosto:<\/p>\n<p>Manaus, no Amazonas;<\/p>\n<p>Camocim, no Cear\u00e1;<\/p>\n<p>Trindade, em Goi\u00e1s;<\/p>\n<p>Pedreiras e Balsas, no Maranh\u00e3o;<\/p>\n<p>Betim e Almenara, em Minas Gerais;<\/p>\n<p>Santar\u00e9m, no Par\u00e1;<\/p>\n<p>Cajazeiras, Patos, Pombal, na Para\u00edba;<\/p>\n<p>Tel\u00eamaco Borba e Ibaiti, no Paran\u00e1;<\/p>\n<p>Vit\u00f3ria de Santo Ant\u00e3o, em Pernambuco;<\/p>\n<p>Duque de Caxias, no Rio de Janeiro;<\/p>\n<p>Palmeira das Miss\u00f5es, Santo Ant\u00f4nio da Patrulha e Os\u00f3rio, no Rio Grande do Sul<\/p>\n<p>Fonte: Ag\u00eancia Brasil<\/p>\n","protected":false},"excerpt":{"rendered":"<p>O Instituto Nacional do Seguro Social (INSS), vinculado\u00a0ao Minist\u00e9rio da Previd\u00eancia Social, vai realizar, no s\u00e1bado (26) e\u00a0no domingo (27), em 11 estados, o mutir\u00e3o&#8230;<\/p>\n","protected":false},"author":1527,"featured_media":47104,"comment_status":"closed","ping_status":"closed","sticky":false,"template":"","format":"standard","meta":{"footnotes":""},"categories":[6],"tags":[],"class_list":["post-47103","post","type-post","status-publish","format-standard","has-post-thumbnail","hentry","category-noticias"],"_links":{"self":[{"href":"https:\/\/www.sincomam.org.br\/index.php\/wp-json\/wp\/v2\/posts\/47103","targetHints":{"allow":["GET"]}}],"collection":[{"href":"https:\/\/www.sincomam.org.br\/index.php\/wp-json\/wp\/v2\/posts"}],"about":[{"href":"https:\/\/www.sincomam.org.br\/index.php\/wp-json\/wp\/v2\/types\/post"}],"author":[{"embeddable":true,"href":"https:\/\/www.sincomam.org.br\/index.php\/wp-json\/wp\/v2\/users\/1527"}],"replies":[{"embeddable":true,"href":"https:\/\/www.sincomam.org.br\/index.php\/wp-json\/wp\/v2\/comments?post=47103"}],"version-history":[{"count":1,"href":"https:\/\/www.sincomam.org.br\/index.php\/wp-json\/wp\/v2\/posts\/47103\/revisions"}],"predecessor-version":[{"id":47105,"href":"https:\/\/www.sincomam.org.br\/index.php\/wp-json\/wp\/v2\/posts\/47103\/revisions\/47105"}],"wp:featuredmedia":[{"embeddable":true,"href":"https:\/\/www.sincomam.org.br\/index.php\/wp-json\/wp\/v2\/media\/47104"}],"wp:attachment":[{"href":"https:\/\/www.sincomam.org.br\/index.php\/wp-json\/wp\/v2\/media?parent=47103"}],"wp:term":[{"taxonomy":"category","embeddable":true,"href":"https:\/\/www.sincomam.org.br\/index.php\/wp-json\/wp\/v2\/categories?post=47103"},{"taxonomy":"post_tag","embeddable":true,"href":"https:\/\/www.sincomam.org.br\/index.php\/wp-json\/wp\/v2\/tags?post=47103"}],"curies":[{"name":"wp","href":"https:\/\/api.w.org\/{rel}","templated":true}]}}