{"id":47045,"date":"2023-08-22T07:00:06","date_gmt":"2023-08-22T10:00:06","guid":{"rendered":"http:\/\/www.sincomam.org.br\/?p=47045"},"modified":"2023-08-22T07:00:06","modified_gmt":"2023-08-22T10:00:06","slug":"17a-navalshore-comeca-nesta-terca-feira","status":"publish","type":"post","link":"https:\/\/www.sincomam.org.br\/index.php\/17a-navalshore-comeca-nesta-terca-feira\/","title":{"rendered":"17\u00aa Navalshore come\u00e7a nesta ter\u00e7a-feira"},"content":{"rendered":"<p>Come\u00e7a nesta ter\u00e7a-feira (22), a 17\u00aa edi\u00e7\u00e3o da Navalshore &#8211; Feira e Confer\u00eancia da Ind\u00fastria Mar\u00edtima, o evento mais relevante da ind\u00fastria naval sul-americana. Ser\u00e3o tr\u00eas dias de networking, com novidades e solu\u00e7\u00f5es em tecnologias, equipamentos e servi\u00e7os para o desenvolvimento da produ\u00e7\u00e3o naval, at\u00e9 o dia 24 de agosto, no Expomag &#8211; Rio de Janeiro.<\/p>\n<p>Estar\u00e3o em exposi\u00e7\u00e3o representantes de estaleiros, fornecedores de navipe\u00e7as, e mais de 90 empresas, nacionais e internacionais. Entre elas Wartsila, Rolls Royce, Akzonobel, Kongsberg, Cummins, Mitsubishi Marine, Yanmar e Sotreq, entre outras. Atl\u00e2ntico Sul, Rio Maguari, Belov, Mau\u00e1 e o estreante Estaleiro S\u00e3o Miguel, tamb\u00e9m est\u00e3o representando toda a cadeia da ind\u00fastria naval.<\/p>\n<p><strong>Cerim\u00f4nia de Abertura<\/strong><br \/>\nO ministro de Portos e Aeroportos, M\u00e1rcio Fran\u00e7a, confirmou presen\u00e7a e participar\u00e1 da cerim\u00f4nia de abertura do evento. Al\u00e9m dele, o presidente da Transpetro, S\u00e9rgio Bacci, o presidente do Sindicato Nacional da Ind\u00fastria da Constru\u00e7\u00e3o e Repara\u00e7\u00e3o Naval e Offshore (Sinaval) Ariovaldo Rocha, a vice-presidente do Sindicato Nacional das Empresas de Navega\u00e7\u00e3o (Syndarma)\/ Associa\u00e7\u00e3o das Empresas de Apoio Mar\u00edtimo (Abeam), Lilian Schaefer, e o diretor da Ag\u00eancia Nacional de Transportes Aquavi\u00e1rios (Antaq), vice-almirante Wilson Pereira de Lima Filho tamb\u00e9m est\u00e3o confirmados.<\/p>\n<p><strong>Confer\u00eancia<\/strong><br \/>\nEm paralelo \u00e0 feira de exposi\u00e7\u00f5es, a Confer\u00eancia da Navalshore 2023 ter\u00e1 como pain\u00e9is os temas &#8220;Caminhos para o fortalecimento da ind\u00fastria naval e offshore&#8221;, &#8220;Transi\u00e7\u00e3o energ\u00e9tica na ind\u00fastria mar\u00edtima&#8221;, &#8220;C\u00e2mara de nacionaliza\u00e7\u00e3o: desafios e oportunidades&#8221; e &#8220;Os impactos na ind\u00fastria naval da reciclagem de embarca\u00e7\u00f5es e o a\u00e7o verde&#8221;.<\/p>\n<p>O evento coincide tamb\u00e9m com o movimento de definir novas estrat\u00e9gias para atingir, at\u00e9 2050, a meta Net Zero Carbon (emiss\u00f5es zero) na ind\u00fastria mar\u00edtima. A subsidi\u00e1ria da Petrobras, assim como a AkzoNobel, s\u00e3o patrocinadoras da 17\u00aa edi\u00e7\u00e3o da Navalshore &#8211; Feira e Confer\u00eancia da Ind\u00fastria Mar\u00edtima.<\/p>\n<p>A Navalshore \u00e9 realizada desde 2004 no Rio de Janeiro. Um p\u00fablico total superior a 137 mil pessoas j\u00e1 passou pela feira, reunindo profissionais, empres\u00e1rios e representantes do poder p\u00fablico. Paralelamente \u00e0 feira, a cada edi\u00e7\u00e3o s\u00e3o promovidos cursos, workshops e confer\u00eancias, tendo sido realizados mais de 450 destes eventos. A mais importante feira do setor na Am\u00e9rica do Sul \u00e9 ponto de encontro obrigat\u00f3rio para empresas e profissionais que atuam no setor.<\/p>\n<p><strong>Servi\u00e7o<\/strong><br \/>\n17\u00aa edi\u00e7\u00e3o da Navalshore &#8211; Feira e Confer\u00eancia da Ind\u00fastria Mar\u00edtima<br \/>\nQuando: 22 a 24 de agosto de 2023.<br \/>\nOnde: Expomag &#8211; Rua Beatriz Larragoiti Lucas, s\/n &#8211; Cidade Nova, Rio de Janeiro\/RJ.<br \/>\nHor\u00e1rio: das 13h \u00e0s 20h.<br \/>\nCerim\u00f4nia de Abertura ser\u00e1 restrita \u00e0 imprensa e convidados a partir das 11h30<\/p>\n<p>Fonte: Portos e Navios<\/p>\n","protected":false},"excerpt":{"rendered":"<p>Come\u00e7a nesta ter\u00e7a-feira (22), a 17\u00aa edi\u00e7\u00e3o da Navalshore &#8211; Feira e Confer\u00eancia da Ind\u00fastria Mar\u00edtima, o evento mais relevante da ind\u00fastria naval sul-americana. Ser\u00e3o&#8230;<\/p>\n","protected":false},"author":1527,"featured_media":47046,"comment_status":"closed","ping_status":"closed","sticky":false,"template":"","format":"standard","meta":{"footnotes":""},"categories":[6],"tags":[],"class_list":["post-47045","post","type-post","status-publish","format-standard","has-post-thumbnail","hentry","category-noticias"],"_links":{"self":[{"href":"https:\/\/www.sincomam.org.br\/index.php\/wp-json\/wp\/v2\/posts\/47045","targetHints":{"allow":["GET"]}}],"collection":[{"href":"https:\/\/www.sincomam.org.br\/index.php\/wp-json\/wp\/v2\/posts"}],"about":[{"href":"https:\/\/www.sincomam.org.br\/index.php\/wp-json\/wp\/v2\/types\/post"}],"author":[{"embeddable":true,"href":"https:\/\/www.sincomam.org.br\/index.php\/wp-json\/wp\/v2\/users\/1527"}],"replies":[{"embeddable":true,"href":"https:\/\/www.sincomam.org.br\/index.php\/wp-json\/wp\/v2\/comments?post=47045"}],"version-history":[{"count":1,"href":"https:\/\/www.sincomam.org.br\/index.php\/wp-json\/wp\/v2\/posts\/47045\/revisions"}],"predecessor-version":[{"id":47047,"href":"https:\/\/www.sincomam.org.br\/index.php\/wp-json\/wp\/v2\/posts\/47045\/revisions\/47047"}],"wp:featuredmedia":[{"embeddable":true,"href":"https:\/\/www.sincomam.org.br\/index.php\/wp-json\/wp\/v2\/media\/47046"}],"wp:attachment":[{"href":"https:\/\/www.sincomam.org.br\/index.php\/wp-json\/wp\/v2\/media?parent=47045"}],"wp:term":[{"taxonomy":"category","embeddable":true,"href":"https:\/\/www.sincomam.org.br\/index.php\/wp-json\/wp\/v2\/categories?post=47045"},{"taxonomy":"post_tag","embeddable":true,"href":"https:\/\/www.sincomam.org.br\/index.php\/wp-json\/wp\/v2\/tags?post=47045"}],"curies":[{"name":"wp","href":"https:\/\/api.w.org\/{rel}","templated":true}]}}