{"id":4704,"date":"2014-04-04T09:49:41","date_gmt":"2014-04-04T12:49:41","guid":{"rendered":"http:\/\/www.sincomam.org.br\/?p=4704"},"modified":"2014-04-04T09:49:52","modified_gmt":"2014-04-04T12:49:52","slug":"porto-do-itaqui-quer-movimentar-17-mi-de-toneladas-em-2014","status":"publish","type":"post","link":"https:\/\/www.sincomam.org.br\/index.php\/porto-do-itaqui-quer-movimentar-17-mi-de-toneladas-em-2014\/","title":{"rendered":"Porto do Itaqui quer movimentar 17 mi de toneladas em 2014"},"content":{"rendered":"<p>Ap\u00f3s uma leve queda na movimenta\u00e7\u00e3o de cargas em 2013, a estatal Empresa Maranhense de Administra\u00e7\u00e3o Portu\u00e1ria (Emap), que administra o Porto do Itaqui, quer ter um crescimento de mais de 10 por cento neste ano, com novos ber\u00e7os e o in\u00edcio da movimenta\u00e7\u00e3o de celulose da rec\u00e9m inaugurada f\u00e1brica da Suzano.<\/p>\n<p>Segundo o presidente da Emap, Luiz Carlos Fossati, a empresa possui uma meta ambiciosa para o porto no longo prazo, de elevar a movimenta\u00e7\u00e3o a 150 milh\u00f5es de toneladas em 20 anos. O n\u00famero \u00e9 at\u00e9 mesmo acima do registrado atualmente pelo porto de Santos, o maior do pa\u00eds, que movimentou 114 milh\u00f5es de toneladas em 2013.<\/p>\n<p>&#8220;Desde 2010, o Porto do Itaqui cresce 10 por cento ao ano. Ano passado caiu um pouco porque o mercado caiu tamb\u00e9m, mas este ano, o plano \u00e9 movimentar 17 milh\u00f5es de toneladas&#8221;, disse ele, \u00e0 Reuters.<\/p>\n<p>No ano passado, a movimenta\u00e7\u00e3o de cargas em Itaqui totalizou 15,31 milh\u00f5es de toneladas, levemente abaixo dos 15,75 milh\u00f5es de toneladas registrados em 2012.<\/p>\n<p>Itaqui terminou o ano passado como o quinto maior porto organizado do Brasil em movimenta\u00e7\u00e3o, atr\u00e1s de Rio Grande (RS), Paranagu\u00e1 (PR), Itagua\u00ed (RJ) e Santos (SP), segundo dados da Ag\u00eancia Nacional de Transportes Aquavi\u00e1rios (Antaq).<\/p>\n<p>O porto ser\u00e1 beneficiado com o in\u00edcio das opera\u00e7\u00f5es da f\u00e1brica de celulose da Suzano em Imperatriz (MA), com capacidade de produzir 1,5 milh\u00e3o de toneladas por ano. A f\u00e1brica come\u00e7ou a produzir no final de 2013, volta quase que exclusivamente para exporta\u00e7\u00e3o.<\/p>\n<p>&#8220;Com a f\u00e1brica da Suzano j\u00e1 movimentamos um navio com 15 mil toneladas no in\u00edcio da semana e temos outro navio&#8221;, disse Fossati.<\/p>\n<p>Fonte: Portos e Navios<\/p>\n","protected":false},"excerpt":{"rendered":"<p>Ap\u00f3s uma leve queda na movimenta\u00e7\u00e3o de cargas em 2013, a estatal Empresa Maranhense de Administra\u00e7\u00e3o Portu\u00e1ria (Emap), que administra o Porto do Itaqui, quer&#8230;<\/p>\n","protected":false},"author":1182,"featured_media":3306,"comment_status":"closed","ping_status":"closed","sticky":false,"template":"","format":"standard","meta":{"footnotes":""},"categories":[6],"tags":[],"class_list":["post-4704","post","type-post","status-publish","format-standard","has-post-thumbnail","hentry","category-noticias"],"_links":{"self":[{"href":"https:\/\/www.sincomam.org.br\/index.php\/wp-json\/wp\/v2\/posts\/4704","targetHints":{"allow":["GET"]}}],"collection":[{"href":"https:\/\/www.sincomam.org.br\/index.php\/wp-json\/wp\/v2\/posts"}],"about":[{"href":"https:\/\/www.sincomam.org.br\/index.php\/wp-json\/wp\/v2\/types\/post"}],"author":[{"embeddable":true,"href":"https:\/\/www.sincomam.org.br\/index.php\/wp-json\/wp\/v2\/users\/1182"}],"replies":[{"embeddable":true,"href":"https:\/\/www.sincomam.org.br\/index.php\/wp-json\/wp\/v2\/comments?post=4704"}],"version-history":[{"count":1,"href":"https:\/\/www.sincomam.org.br\/index.php\/wp-json\/wp\/v2\/posts\/4704\/revisions"}],"predecessor-version":[{"id":4705,"href":"https:\/\/www.sincomam.org.br\/index.php\/wp-json\/wp\/v2\/posts\/4704\/revisions\/4705"}],"wp:featuredmedia":[{"embeddable":true,"href":"https:\/\/www.sincomam.org.br\/index.php\/wp-json\/wp\/v2\/media\/3306"}],"wp:attachment":[{"href":"https:\/\/www.sincomam.org.br\/index.php\/wp-json\/wp\/v2\/media?parent=4704"}],"wp:term":[{"taxonomy":"category","embeddable":true,"href":"https:\/\/www.sincomam.org.br\/index.php\/wp-json\/wp\/v2\/categories?post=4704"},{"taxonomy":"post_tag","embeddable":true,"href":"https:\/\/www.sincomam.org.br\/index.php\/wp-json\/wp\/v2\/tags?post=4704"}],"curies":[{"name":"wp","href":"https:\/\/api.w.org\/{rel}","templated":true}]}}