{"id":47017,"date":"2023-08-21T01:41:28","date_gmt":"2023-08-21T04:41:28","guid":{"rendered":"http:\/\/www.sincomam.org.br\/?p=47017"},"modified":"2023-08-21T01:41:28","modified_gmt":"2023-08-21T04:41:28","slug":"governo-inicia-fase-de-testes-do-fgts-digital","status":"publish","type":"post","link":"https:\/\/www.sincomam.org.br\/index.php\/governo-inicia-fase-de-testes-do-fgts-digital\/","title":{"rendered":"Governo inicia fase de testes do FGTS Digital"},"content":{"rendered":"<p>O Minist\u00e9rio do Trabalho e Emprego inicia neste s\u00e1bado (19) a fase de testes do sistema FGTS Digital, que vai substituir o atual envio de informa\u00e7\u00f5es do Fundo de Garantia do Tempo de Servi\u00e7o dos empregados pelas empresas, atualmente realizado pelo sistema Conectividade Social\/Caixa.\u00a0<img decoding=\"async\" src=\"https:\/\/agenciabrasil.ebc.com.br\/ebc.png?id=1549989&amp;o=node\" \/><img decoding=\"async\" src=\"https:\/\/agenciabrasil.ebc.com.br\/ebc.gif?id=1549989&amp;o=node\" \/><\/p>\n<p>Em nota, a pasta informou que a implementa\u00e7\u00e3o do FGTS Digital &#8211; prevista para janeiro de 2024 &#8211; vai representar avan\u00e7os no processo de cumprimento da obriga\u00e7\u00e3o do FGTS. Pelo atual sistema, o empregador gasta cerca de 34 horas\/m\u00eas para o preenchimento. A expectativa \u00e9 reduzir para 25 horas com o uso do FGTS Digital, que vai utilizar dados do eSocial.<\/p>\n<p>Entre os principais benef\u00edcios citados pelo minist\u00e9rio est\u00e3o a elimina\u00e7\u00e3o de burocracia e custos adicionais, a diminui\u00e7\u00e3o de custos e a digitaliza\u00e7\u00e3o dos servi\u00e7os, com agilidade e automatiza\u00e7\u00e3o dos procedimentos.<\/p>\n<h2>Capacita\u00e7\u00e3o<\/h2>\n<p>Para preparar as empresas para o novo processo de envio, a Secretaria de Fiscaliza\u00e7\u00e3o do Trabalho inicia o processo de capacita\u00e7\u00e3o a partir deste s\u00e1bado, at\u00e9 o fim do ano. A fase de testes estar\u00e1 dispon\u00edvel para empresas do Grupo I do eSocial, com faturamento at\u00e9 R$ 78 milh\u00f5es, totalizando cerca de 20 milh\u00f5es de empresas.<\/p>\n<p>A partir de 16 de setembro, a capacita\u00e7\u00e3o estar\u00e1 dispon\u00edvel para as demais empresas. \u201c\u00c9 uma oportunidade para que as empresas ajustem os processos internos e verifiquem se est\u00e3o declarando corretamente as bases de c\u00e1lculo do FGTS nas folhas de pagamento do eSocial\u201d, destacou o minist\u00e9rio.<\/p>\n<h2>Interrup\u00e7\u00e3o<\/h2>\n<p>Acrescentou, em nota, que, neste s\u00e1bado, o sistema do eSocial ter\u00e1 uma parada de quatro horas para integra\u00e7\u00e3o ao novo FGTS Digital. O sistema ser\u00e1 liberado, em seguida, para empresas do Grupo I.<\/p>\n<p>Todas as empresas ter\u00e3o at\u00e9 10 de novembro para finalizar os testes e at\u00e9 o fim do ano para an\u00e1lise da corre\u00e7\u00e3o dos dados que ir\u00e3o informar no novo sistema. \u201cO que for gerado no FGTS Digital nesse per\u00edodo \u00e9 uma simula\u00e7\u00e3o, valendo apenas o que for informado a partir de 1\u00ba de janeiro\u201d.<\/p>\n<h2>Acesso<\/h2>\n<p>Para acessar o novo sistema, o empregador deve acessar o\u00a0<a href=\"https:\/\/por-p-fgts.estaleiro.serpro.gov.br\/\" target=\"_blank\" rel=\"noopener\">link<\/a><a href=\"https:\/\/por-p-fgts.estaleiro.serpro.gov.br\/\" target=\"_blank\" rel=\"noopener\">\u00a0<\/a>\u00a0utilizando a senha do gov.br (prata ou ouro) ou via certificado digital e dar in\u00edcio ao treinamento.<\/p>\n<h2>Entenda<\/h2>\n<p>O FGTS Digital \u00e9 um conjunto de sistemas integrados que vai gerenciar os diversos processos relacionados ao cumprimento da obriga\u00e7\u00e3o de recolhimento do FGTS. A proposta, segundo o governo, \u00e9 promover solu\u00e7\u00f5es processuais e tecnol\u00f3gicas que facilitem o cumprimento dessa obriga\u00e7\u00e3o e assegurem que os valores devidos aos trabalhadores sejam efetivamente individualizados em suas contas vinculadas.<\/p>\n<p>\u201cSer\u00e3o criados sistemas pr\u00f3prios para gerenciar, controlar e automatizar os procedimentos de restitui\u00e7\u00e3o e\/ou compensa\u00e7\u00e3o de valores pagos indevidamente, trazendo mais facilidade para o empregador efetuar compensa\u00e7\u00e3o ou recupera\u00e7\u00e3o desses valores.<\/p>\n<p>Os valores ordinariamente devidos de FGTS ser\u00e3o calculados tomando-se por base as informa\u00e7\u00f5es prestadas via eSocial e os d\u00e9bitos j\u00e1 vir\u00e3o individualizados desde a origem, utilizando o Cadastro de Pessoas F\u00edsicas (CPF) como um dos elementos essenciais de identifica\u00e7\u00e3o do trabalhador.\u201d<\/p>\n<p>Pelo sistema, estar\u00e3o dispon\u00edveis emiss\u00e3o de guias, consulta de extratos de pagamentos realizados, individualiza\u00e7\u00e3o dos extratos de pagamento, verifica\u00e7\u00e3o de d\u00e9bitos em aberto e pagamento da multa indenizat\u00f3ria a partir das remunera\u00e7\u00f5es devidas de todo o per\u00edodo trabalhado.<\/p>\n<p>Fonte: Ag\u00eancia Brasil<\/p>\n","protected":false},"excerpt":{"rendered":"<p>O Minist\u00e9rio do Trabalho e Emprego inicia neste s\u00e1bado (19) a fase de testes do sistema FGTS Digital, que vai substituir o atual envio de&#8230;<\/p>\n","protected":false},"author":1527,"featured_media":47018,"comment_status":"closed","ping_status":"closed","sticky":false,"template":"","format":"standard","meta":{"footnotes":""},"categories":[6],"tags":[],"class_list":["post-47017","post","type-post","status-publish","format-standard","has-post-thumbnail","hentry","category-noticias"],"_links":{"self":[{"href":"https:\/\/www.sincomam.org.br\/index.php\/wp-json\/wp\/v2\/posts\/47017","targetHints":{"allow":["GET"]}}],"collection":[{"href":"https:\/\/www.sincomam.org.br\/index.php\/wp-json\/wp\/v2\/posts"}],"about":[{"href":"https:\/\/www.sincomam.org.br\/index.php\/wp-json\/wp\/v2\/types\/post"}],"author":[{"embeddable":true,"href":"https:\/\/www.sincomam.org.br\/index.php\/wp-json\/wp\/v2\/users\/1527"}],"replies":[{"embeddable":true,"href":"https:\/\/www.sincomam.org.br\/index.php\/wp-json\/wp\/v2\/comments?post=47017"}],"version-history":[{"count":1,"href":"https:\/\/www.sincomam.org.br\/index.php\/wp-json\/wp\/v2\/posts\/47017\/revisions"}],"predecessor-version":[{"id":47019,"href":"https:\/\/www.sincomam.org.br\/index.php\/wp-json\/wp\/v2\/posts\/47017\/revisions\/47019"}],"wp:featuredmedia":[{"embeddable":true,"href":"https:\/\/www.sincomam.org.br\/index.php\/wp-json\/wp\/v2\/media\/47018"}],"wp:attachment":[{"href":"https:\/\/www.sincomam.org.br\/index.php\/wp-json\/wp\/v2\/media?parent=47017"}],"wp:term":[{"taxonomy":"category","embeddable":true,"href":"https:\/\/www.sincomam.org.br\/index.php\/wp-json\/wp\/v2\/categories?post=47017"},{"taxonomy":"post_tag","embeddable":true,"href":"https:\/\/www.sincomam.org.br\/index.php\/wp-json\/wp\/v2\/tags?post=47017"}],"curies":[{"name":"wp","href":"https:\/\/api.w.org\/{rel}","templated":true}]}}