{"id":47011,"date":"2023-08-21T01:33:25","date_gmt":"2023-08-21T04:33:25","guid":{"rendered":"http:\/\/www.sincomam.org.br\/?p=47011"},"modified":"2023-08-21T01:33:25","modified_gmt":"2023-08-21T04:33:25","slug":"anp-publica-relatorio-de-investigacao-de-incidente-na-p-19-ocorrido-em-2022","status":"publish","type":"post","link":"https:\/\/www.sincomam.org.br\/index.php\/anp-publica-relatorio-de-investigacao-de-incidente-na-p-19-ocorrido-em-2022\/","title":{"rendered":"ANP publica relat\u00f3rio de investiga\u00e7\u00e3o de incidente na P-19, ocorrido em 2022"},"content":{"rendered":"<p>A ANP publicou na sexta-feira (18) o relat\u00f3rio de investiga\u00e7\u00e3o do incidente ocorrido na Plataforma Petrobras 19 (P-19), no dia 2 de agosto de 2022, que ocasionou uma v\u00edtima fatal.<\/p>\n<p>O incidente ocorreu dentro da sala dos motogeradores diesel auxiliares, onde se encontravam quatro colaboradores que executavam servi\u00e7o de manuten\u00e7\u00e3o. Houve, ent\u00e3o, um acionamento incorreto do sistema de combate a inc\u00eandio, que inundou a sala com di\u00f3xido de carbono (CO2).<\/p>\n<p>Dois dos funcion\u00e1rios conseguiram sair da sala a tempo e os outros dois foram resgatados pela equipe de brigadistas da plataforma, sendo que um deles n\u00e3o resistiu e faleceu.<\/p>\n<div id=\"beacon_7b5a246e3b\"><\/div>\n<p>Os fatores causais do incidente foram o acionamento incorreto, na sala, do sistema fixo de CO2 e a perman\u00eancia de pessoas no local ap\u00f3s alarme de libera\u00e7\u00e3o do CO2.<\/p>\n<p>A P-19 est\u00e1 localizada no Campo de Marlim, na Bacia de Campos, e na data do incidente, estava em opera\u00e7\u00e3o, efetuando a parada total de produ\u00e7\u00e3o em 3 de agosto de 2022, e estando at\u00e9 o momento em processo de descomissionamento (desativa\u00e7\u00e3o).<\/p>\n<p>Assim que tomou conhecimento do incidente, a ANP planejou a realiza\u00e7\u00e3o de uma a\u00e7\u00e3o de fiscaliza\u00e7\u00e3o in loco na plataforma P-19, com intuito de coletar dados e informa\u00e7\u00f5es preliminares, o que foi feito em conjunto com outras autoridades federais, no \u00e2mbito da Opera\u00e7\u00e3o Ouro Negro.<\/p>\n<p>Foi instaurado, em seguida, um processo administrativo de investiga\u00e7\u00e3o pela ANP, que identificou dois fatores causais e cinco causas-raiz.<\/p>\n<p>Al\u00e9m do acionamento incorreto do sistema de combate a inc\u00eandio e a inunda\u00e7\u00e3o, cinco causas-raiz foram identificadas: falha no projeto; falha na inspe\u00e7\u00e3o e teste do sistema fixo de CO2; falha na avalia\u00e7\u00e3o dos riscos na Permiss\u00e3o de Trabalho (PT), que n\u00e3o trouxe an\u00e1lise pr\u00e9via dos perigos existentes no ambiente de trabalho; falha na comunica\u00e7\u00e3o dos riscos, n\u00e3o havendo adequada sinaliza\u00e7\u00e3o nos locais protegidos por sistema fixo de combate a inc\u00eandio por CO2; e falha de treinamento, incluindo treinamento de conscientiza\u00e7\u00e3o (briefing de chegada), sendo que parte dos funcion\u00e1rios n\u00e3o tinha conhecimento suficiente sobre o alarme de CO2, conhecendo apenas o alarme de emerg\u00eancia da plataforma.<\/p>\n<p>A partir dessas conclus\u00f5es, a ANP elaborou 16 recomenda\u00e7\u00f5es \u00e0 ind\u00fastria. Elas envolvem quest\u00f5es relacionadas a estabelecimento ou revis\u00e3o de procedimentos e testes que a empresa dever\u00e1 realizar; equipamentos que precisar\u00e3o ser instalados, como v\u00e1lvulas e alarmes; altera\u00e7\u00e3o de documentos, como a altera\u00e7\u00e3o na sistem\u00e1tica de emiss\u00e3o de PT, ou an\u00e1lise dos riscos antes da emiss\u00e3o de PT; treinamentos e instru\u00e7\u00f5es aos funcion\u00e1rios; entre outras.<\/p>\n<p>Foram ainda emitidas determina\u00e7\u00f5es relacionadas a outras falhas identificadas na vistoria \u00e0 plataforma, que n\u00e3o contribu\u00edram para o incidente, mas dever\u00e3o ser reparadas pela empresa.<\/p>\n<p>A maior parte dessas medidas dever\u00e3o ser tomadas n\u00e3o somente na plataforma P-19, mas tamb\u00e9m em toda ind\u00fastria, nas instala\u00e7\u00f5es que n\u00e3o estejam adequadas, de forma a evitar que ocorram futuramente outros incidentes semelhantes.<\/p>\n<p>Fonte: Portos e Navios<\/p>\n","protected":false},"excerpt":{"rendered":"<p>A ANP publicou na sexta-feira (18) o relat\u00f3rio de investiga\u00e7\u00e3o do incidente ocorrido na Plataforma Petrobras 19 (P-19), no dia 2 de agosto de 2022,&#8230;<\/p>\n","protected":false},"author":1527,"featured_media":47012,"comment_status":"closed","ping_status":"closed","sticky":false,"template":"","format":"standard","meta":{"footnotes":""},"categories":[6],"tags":[],"class_list":["post-47011","post","type-post","status-publish","format-standard","has-post-thumbnail","hentry","category-noticias"],"_links":{"self":[{"href":"https:\/\/www.sincomam.org.br\/index.php\/wp-json\/wp\/v2\/posts\/47011","targetHints":{"allow":["GET"]}}],"collection":[{"href":"https:\/\/www.sincomam.org.br\/index.php\/wp-json\/wp\/v2\/posts"}],"about":[{"href":"https:\/\/www.sincomam.org.br\/index.php\/wp-json\/wp\/v2\/types\/post"}],"author":[{"embeddable":true,"href":"https:\/\/www.sincomam.org.br\/index.php\/wp-json\/wp\/v2\/users\/1527"}],"replies":[{"embeddable":true,"href":"https:\/\/www.sincomam.org.br\/index.php\/wp-json\/wp\/v2\/comments?post=47011"}],"version-history":[{"count":1,"href":"https:\/\/www.sincomam.org.br\/index.php\/wp-json\/wp\/v2\/posts\/47011\/revisions"}],"predecessor-version":[{"id":47013,"href":"https:\/\/www.sincomam.org.br\/index.php\/wp-json\/wp\/v2\/posts\/47011\/revisions\/47013"}],"wp:featuredmedia":[{"embeddable":true,"href":"https:\/\/www.sincomam.org.br\/index.php\/wp-json\/wp\/v2\/media\/47012"}],"wp:attachment":[{"href":"https:\/\/www.sincomam.org.br\/index.php\/wp-json\/wp\/v2\/media?parent=47011"}],"wp:term":[{"taxonomy":"category","embeddable":true,"href":"https:\/\/www.sincomam.org.br\/index.php\/wp-json\/wp\/v2\/categories?post=47011"},{"taxonomy":"post_tag","embeddable":true,"href":"https:\/\/www.sincomam.org.br\/index.php\/wp-json\/wp\/v2\/tags?post=47011"}],"curies":[{"name":"wp","href":"https:\/\/api.w.org\/{rel}","templated":true}]}}