{"id":47002,"date":"2023-08-18T09:54:19","date_gmt":"2023-08-18T12:54:19","guid":{"rendered":"http:\/\/www.sincomam.org.br\/?p=47002"},"modified":"2023-08-18T09:54:19","modified_gmt":"2023-08-18T12:54:19","slug":"uso-de-mascaras-volta-a-ser-recomendado-para-conter-nova-variante-da-covid","status":"publish","type":"post","link":"https:\/\/www.sincomam.org.br\/index.php\/uso-de-mascaras-volta-a-ser-recomendado-para-conter-nova-variante-da-covid\/","title":{"rendered":"Uso de m\u00e1scaras volta a ser recomendado para conter nova variante da Covid"},"content":{"rendered":"<p>O uso de m\u00e1scaras passou a ser novamente recomendado por alguns cientistas por conta de uma preocupante \u201cmuta\u00e7\u00e3o\u201d da variante da Covid-19. Al\u00e9m da subvariante da Omicron, a Eris, EG-5, j\u00e1 ser motivo de alerta por seu alto grau de muta\u00e7\u00e3o e dissemina\u00e7\u00e3o, uma nova subcepa, que est\u00e1 sendo chamada de \u2018BA.6\u2019, est\u00e1 levando alguns a temer um quadro sombrio do novo\u00a0coronav\u00edrus\u00a0nas pr\u00f3ximas semanas. At\u00e9 agora, a nova Cepa foi encontrada na\u00a0Dinamarca\u00a0e em\u00a0Israel. Diante das recentes not\u00edcias, a Universidade Federal do Rio de Janeiro voltou a recomendar o uso de m\u00e1scaras em ambientes fechados e aglomera\u00e7\u00f5es, assim como higieniza\u00e7\u00e3o frequente das m\u00e3os. A recomenda\u00e7\u00e3o se deve a um aumento de casos de Covid-19 na pr\u00f3pria institui\u00e7\u00e3o.<\/p>\n<div class=\"mvp-post-ad-wrap\">\n<p><strong>Quais as orienta\u00e7\u00f5es de especialistas para a popula\u00e7\u00e3o\u00a0carioca?<\/strong><\/p>\n<p>Um c\u00e1lculo baseado no painel epidemiol\u00f3gico da cidade do Rio revela que nos \u00faltimos sete meses deste ano, 179 cariocas morreram por covid-19. Ou seja, a cada 30 horas a Capital Fluminense registra um \u00f3bito por coronav\u00edrus. De acordo com\u00a0 o gr\u00e1fico observa-se que a maioria dos jovens parou na primeira dose do imunizante contra a covid, o que pode facilitar a propaga\u00e7\u00e3o da doen\u00e7a.<\/p>\n<div id=\"mvp-content-main\" class=\"left relative\">\n<p>Fonte: R\u00e1dio Tupi<\/p>\n<\/div>\n<p>&nbsp;<\/p>\n<\/div>\n","protected":false},"excerpt":{"rendered":"<p>O uso de m\u00e1scaras passou a ser novamente recomendado por alguns cientistas por conta de uma preocupante \u201cmuta\u00e7\u00e3o\u201d da variante da Covid-19. Al\u00e9m da subvariante&#8230;<\/p>\n","protected":false},"author":1527,"featured_media":47003,"comment_status":"closed","ping_status":"closed","sticky":false,"template":"","format":"standard","meta":{"footnotes":""},"categories":[6],"tags":[],"class_list":["post-47002","post","type-post","status-publish","format-standard","has-post-thumbnail","hentry","category-noticias"],"_links":{"self":[{"href":"https:\/\/www.sincomam.org.br\/index.php\/wp-json\/wp\/v2\/posts\/47002","targetHints":{"allow":["GET"]}}],"collection":[{"href":"https:\/\/www.sincomam.org.br\/index.php\/wp-json\/wp\/v2\/posts"}],"about":[{"href":"https:\/\/www.sincomam.org.br\/index.php\/wp-json\/wp\/v2\/types\/post"}],"author":[{"embeddable":true,"href":"https:\/\/www.sincomam.org.br\/index.php\/wp-json\/wp\/v2\/users\/1527"}],"replies":[{"embeddable":true,"href":"https:\/\/www.sincomam.org.br\/index.php\/wp-json\/wp\/v2\/comments?post=47002"}],"version-history":[{"count":1,"href":"https:\/\/www.sincomam.org.br\/index.php\/wp-json\/wp\/v2\/posts\/47002\/revisions"}],"predecessor-version":[{"id":47004,"href":"https:\/\/www.sincomam.org.br\/index.php\/wp-json\/wp\/v2\/posts\/47002\/revisions\/47004"}],"wp:featuredmedia":[{"embeddable":true,"href":"https:\/\/www.sincomam.org.br\/index.php\/wp-json\/wp\/v2\/media\/47003"}],"wp:attachment":[{"href":"https:\/\/www.sincomam.org.br\/index.php\/wp-json\/wp\/v2\/media?parent=47002"}],"wp:term":[{"taxonomy":"category","embeddable":true,"href":"https:\/\/www.sincomam.org.br\/index.php\/wp-json\/wp\/v2\/categories?post=47002"},{"taxonomy":"post_tag","embeddable":true,"href":"https:\/\/www.sincomam.org.br\/index.php\/wp-json\/wp\/v2\/tags?post=47002"}],"curies":[{"name":"wp","href":"https:\/\/api.w.org\/{rel}","templated":true}]}}