{"id":46996,"date":"2023-08-18T09:44:17","date_gmt":"2023-08-18T12:44:17","guid":{"rendered":"http:\/\/www.sincomam.org.br\/?p=46996"},"modified":"2023-08-18T09:44:17","modified_gmt":"2023-08-18T12:44:17","slug":"unindo-mares-brasil-e-japao-debatem-defesa-e-seguranca-maritima","status":"publish","type":"post","link":"https:\/\/www.sincomam.org.br\/index.php\/unindo-mares-brasil-e-japao-debatem-defesa-e-seguranca-maritima\/","title":{"rendered":"Unindo Mares: Brasil e Jap\u00e3o Debatem Defesa e Seguran\u00e7a Mar\u00edtima"},"content":{"rendered":"<p>No dia 15 de agosto, a\u00a0Escola de Guerra Naval (EGN), um dos pilares da forma\u00e7\u00e3o militar naval do Brasil, teve a honra de receber uma visita muito especial. Integrantes do\u00a0Esquadr\u00e3o de Treinamento da For\u00e7a Mar\u00edtima de Autodefesa do Jap\u00e3o (JMSDF), liderados pelo\u00a0Contra-Almirante Yasushige Konno, chegaram ao Brasil a bordo dos navios TV 3508 Kashima e TV 3520 Hatakaze.<\/p>\n<p><strong>Col\u00f3quio Internacional: Um Di\u00e1logo entre Na\u00e7\u00f5es<\/strong><\/p>\n<p>Ap\u00f3s serem recepcionados pelo Diretor da EGN,\u00a0Contra-Almirante Gustavo Calero Garriga Pires, a delega\u00e7\u00e3o japonesa participou de um col\u00f3quio que reuniu representantes do corpo docente e discente da EGN, incluindo os pesquisadores do\u00a0Programa P\u00f3s-Gradua\u00e7\u00e3o em Estudos Mar\u00edtimos (PPGEM). O Contra-Almirante Yasushige Konno abriu o evento com uma palestra sobre a \u201cPol\u00edtica de Defesa e Seguran\u00e7a do Jap\u00e3o\u201d, oferecendo uma vis\u00e3o detalhada da estrat\u00e9gia mar\u00edtima japonesa.<\/p>\n<p><strong>Amaz\u00f4nia Azul: Um Tesouro Brasileiro<\/strong><\/p>\n<p>Na sequ\u00eancia, o Diretor da EGN apresentou uma palestra intitulada \u201cAmaz\u00f4nia Azul: caracter\u00edsticas e desafios\u201d. A\u00a0Amaz\u00f4nia Azul\u00a0refere-se ao vasto territ\u00f3rio mar\u00edtimo brasileiro, rico em biodiversidade e recursos naturais. Nessa parte do col\u00f3quio, foram discutidos os desafios de proteger, preservar e desenvolver de forma sustent\u00e1vel essa imensa \u00e1rea, que \u00e9 fundamental para a economia e seguran\u00e7a do Brasil.<\/p>\n<p><strong>Debate Aberto: A Converg\u00eancia de Ideias<\/strong><\/p>\n<p>O evento culminou em uma sess\u00e3o de debates, que contou com a presen\u00e7a de diversas autoridades, como o\u00a0Presidente do Centro de Estudos Pol\u00edtico-Estrat\u00e9gicos da Marinha (CEPE-MB), Almirante de Esquadra Paulo Martino Zuccaro, e os\u00a0Vice-C\u00f4nsules do Jap\u00e3o no Rio de Janeiro, Srs. Ayato Sakaki e Hiroki Muya. Esse momento permitiu um interc\u00e2mbio de ideias e experi\u00eancias entre os dois pa\u00edses, refor\u00e7ando la\u00e7os e fomentando a coopera\u00e7\u00e3o bilateral em assuntos mar\u00edtimos.<\/p>\n<p><strong>A Import\u00e2ncia da Coopera\u00e7\u00e3o Internacional<\/strong><\/p>\n<p>Esta visita e o col\u00f3quio subsequente n\u00e3o foram apenas um evento acad\u00eamico e diplom\u00e1tico. Representaram um passo significativo na constru\u00e7\u00e3o de uma rela\u00e7\u00e3o mais forte e cooperativa entre o Brasil e o Jap\u00e3o, duas na\u00e7\u00f5es com interesses e desafios mar\u00edtimos significativos. Em um mundo cada vez mais conectado, tais encontros refor\u00e7am a import\u00e2ncia da\u00a0coopera\u00e7\u00e3o internacional\u00a0na busca por mares mais seguros e sustent\u00e1veis.<\/p>\n<p>Fonte: Defesa em Foco<\/p>\n","protected":false},"excerpt":{"rendered":"<p>No dia 15 de agosto, a\u00a0Escola de Guerra Naval (EGN), um dos pilares da forma\u00e7\u00e3o militar naval do Brasil, teve a honra de receber uma&#8230;<\/p>\n","protected":false},"author":1527,"featured_media":46997,"comment_status":"closed","ping_status":"closed","sticky":false,"template":"","format":"standard","meta":{"footnotes":""},"categories":[6],"tags":[],"class_list":["post-46996","post","type-post","status-publish","format-standard","has-post-thumbnail","hentry","category-noticias"],"_links":{"self":[{"href":"https:\/\/www.sincomam.org.br\/index.php\/wp-json\/wp\/v2\/posts\/46996","targetHints":{"allow":["GET"]}}],"collection":[{"href":"https:\/\/www.sincomam.org.br\/index.php\/wp-json\/wp\/v2\/posts"}],"about":[{"href":"https:\/\/www.sincomam.org.br\/index.php\/wp-json\/wp\/v2\/types\/post"}],"author":[{"embeddable":true,"href":"https:\/\/www.sincomam.org.br\/index.php\/wp-json\/wp\/v2\/users\/1527"}],"replies":[{"embeddable":true,"href":"https:\/\/www.sincomam.org.br\/index.php\/wp-json\/wp\/v2\/comments?post=46996"}],"version-history":[{"count":1,"href":"https:\/\/www.sincomam.org.br\/index.php\/wp-json\/wp\/v2\/posts\/46996\/revisions"}],"predecessor-version":[{"id":46998,"href":"https:\/\/www.sincomam.org.br\/index.php\/wp-json\/wp\/v2\/posts\/46996\/revisions\/46998"}],"wp:featuredmedia":[{"embeddable":true,"href":"https:\/\/www.sincomam.org.br\/index.php\/wp-json\/wp\/v2\/media\/46997"}],"wp:attachment":[{"href":"https:\/\/www.sincomam.org.br\/index.php\/wp-json\/wp\/v2\/media?parent=46996"}],"wp:term":[{"taxonomy":"category","embeddable":true,"href":"https:\/\/www.sincomam.org.br\/index.php\/wp-json\/wp\/v2\/categories?post=46996"},{"taxonomy":"post_tag","embeddable":true,"href":"https:\/\/www.sincomam.org.br\/index.php\/wp-json\/wp\/v2\/tags?post=46996"}],"curies":[{"name":"wp","href":"https:\/\/api.w.org\/{rel}","templated":true}]}}