{"id":46935,"date":"2023-08-16T09:51:56","date_gmt":"2023-08-16T12:51:56","guid":{"rendered":"http:\/\/www.sincomam.org.br\/?p=46935"},"modified":"2023-08-16T09:51:56","modified_gmt":"2023-08-16T12:51:56","slug":"audiencia-publica-para-arrendamento-do-terminal-em-santana-acontecera-no-dia-21-de-agosto","status":"publish","type":"post","link":"https:\/\/www.sincomam.org.br\/index.php\/audiencia-publica-para-arrendamento-do-terminal-em-santana-acontecera-no-dia-21-de-agosto\/","title":{"rendered":"Audi\u00eancia p\u00fablica para arrendamento do terminal em Santana acontecer\u00e1 no dia 21 de agosto"},"content":{"rendered":"<p>A Antaq promove audi\u00eancia p\u00fablica em 21 de agosto para a obter contribui\u00e7\u00f5es, subs\u00eddios e sugest\u00f5es para o aprimoramento dos estudos para arrendamento da instala\u00e7\u00e3o portu\u00e1ria denominada MCP03, no Porto Organizado de Santana (AP).<\/p>\n<p>O terminal, destinado \u00e0 movimenta\u00e7\u00e3o e armazenagem de gran\u00e9is s\u00f3lidos vegetais, especialmente soja e milho, possui uma \u00e1rea brownfield de 11.680 m\u00b2 e a expectativa \u00e9 que sejam investidos cerca de R$ 89 milh\u00f5es, dos quais R$ 20 milh\u00f5es ser\u00e3o somente em melhorias da infraestrutura existente.<\/p>\n<p>Os interessados em manifestar-se na audi\u00eancia dever\u00e3o se inscrever pelo aplicativo de mensagens &#8220;Whatsapp&#8221; no n\u00famero (61) 2029-6940. O per\u00edodo de inscri\u00e7\u00e3o ser\u00e1 das 9h \u00e0s 14h do dia 18 de agosto.<\/p>\n<div id=\"beacon_2eb2140bfd\"><\/div>\n<p>Os interessados poder\u00e3o enviar sua contribui\u00e7\u00e3o por v\u00eddeo, \u00e1udio ou at\u00e9 mesmo por escrito no &#8220;Whatsapp&#8221;. Tamb\u00e9m poder\u00e3o se manifestar entrando na sala de reuni\u00e3o criada no aplicativo &#8220;Microsoft Teams&#8221;. Para isso, no ato de inscri\u00e7\u00e3o, o interessado dever\u00e1 se manifestar nesse sentido e encaminhar seu endere\u00e7o eletr\u00f4nico de login no &#8220;Microsoft Teams&#8221; para ser convidado a entrar na sala na sua vez.<\/p>\n<p>Fonte: Antaq<\/p>\n","protected":false},"excerpt":{"rendered":"<p>A Antaq promove audi\u00eancia p\u00fablica em 21 de agosto para a obter contribui\u00e7\u00f5es, subs\u00eddios e sugest\u00f5es para o aprimoramento dos estudos para arrendamento da instala\u00e7\u00e3o&#8230;<\/p>\n","protected":false},"author":1527,"featured_media":46936,"comment_status":"closed","ping_status":"closed","sticky":false,"template":"","format":"standard","meta":{"footnotes":""},"categories":[6],"tags":[],"class_list":["post-46935","post","type-post","status-publish","format-standard","has-post-thumbnail","hentry","category-noticias"],"_links":{"self":[{"href":"https:\/\/www.sincomam.org.br\/index.php\/wp-json\/wp\/v2\/posts\/46935","targetHints":{"allow":["GET"]}}],"collection":[{"href":"https:\/\/www.sincomam.org.br\/index.php\/wp-json\/wp\/v2\/posts"}],"about":[{"href":"https:\/\/www.sincomam.org.br\/index.php\/wp-json\/wp\/v2\/types\/post"}],"author":[{"embeddable":true,"href":"https:\/\/www.sincomam.org.br\/index.php\/wp-json\/wp\/v2\/users\/1527"}],"replies":[{"embeddable":true,"href":"https:\/\/www.sincomam.org.br\/index.php\/wp-json\/wp\/v2\/comments?post=46935"}],"version-history":[{"count":1,"href":"https:\/\/www.sincomam.org.br\/index.php\/wp-json\/wp\/v2\/posts\/46935\/revisions"}],"predecessor-version":[{"id":46937,"href":"https:\/\/www.sincomam.org.br\/index.php\/wp-json\/wp\/v2\/posts\/46935\/revisions\/46937"}],"wp:featuredmedia":[{"embeddable":true,"href":"https:\/\/www.sincomam.org.br\/index.php\/wp-json\/wp\/v2\/media\/46936"}],"wp:attachment":[{"href":"https:\/\/www.sincomam.org.br\/index.php\/wp-json\/wp\/v2\/media?parent=46935"}],"wp:term":[{"taxonomy":"category","embeddable":true,"href":"https:\/\/www.sincomam.org.br\/index.php\/wp-json\/wp\/v2\/categories?post=46935"},{"taxonomy":"post_tag","embeddable":true,"href":"https:\/\/www.sincomam.org.br\/index.php\/wp-json\/wp\/v2\/tags?post=46935"}],"curies":[{"name":"wp","href":"https:\/\/api.w.org\/{rel}","templated":true}]}}