{"id":46933,"date":"2023-08-15T00:38:36","date_gmt":"2023-08-15T03:38:36","guid":{"rendered":"http:\/\/www.sincomam.org.br\/?p=46933"},"modified":"2023-08-15T00:38:36","modified_gmt":"2023-08-15T03:38:36","slug":"aumenta-a-proporcao-de-trabalhadores-brasileiros-com-40-anos-ou-mais","status":"publish","type":"post","link":"https:\/\/www.sincomam.org.br\/index.php\/aumenta-a-proporcao-de-trabalhadores-brasileiros-com-40-anos-ou-mais\/","title":{"rendered":"Aumenta a propor\u00e7\u00e3o de trabalhadores brasileiros com 40 anos ou mais"},"content":{"rendered":"<div id=\"chunk-1ujn3\">\n<div class=\"mc-column content-text active-extra-styles \" data-block-type=\"unstyled\" data-block-weight=\"13\" data-block-id=\"3\">\n<p class=\"content-text__container \" data-track-category=\"Link no Texto\" data-track-links=\"\">Aumentou o n\u00famero de pessoas com 40 anos ou mais trabalhando no Brasil.<\/p>\n<\/div>\n<\/div>\n<div class=\"wall protected-content\">\n<div id=\"chunk-aoav1\">\n<div class=\"mc-column content-text active-extra-styles \" data-block-type=\"unstyled\" data-block-weight=\"45\" data-block-id=\"4\">\n<p class=\"content-text__container \" data-track-category=\"Link no Texto\" data-track-links=\"\">Maria do Carmo Brito Correa completa 85 anos em agosto, e atende o p\u00fablico de segunda a sexta na companhia de \u00e1gua e esgoto do\u00a0Rio de Janeiro. Carminha come\u00e7ou a trabalhar aos 22 anos e nunca pensou em parar, nem mesmo depois da aposentadoria.<\/p>\n<div id=\"chunk-4v2qi\">\n<div class=\"mc-column content-text active-extra-styles \" data-block-type=\"unstyled\" data-block-weight=\"44\" data-block-id=\"7\">\n<p class=\"content-text__container \" data-track-category=\"Link no Texto\" data-track-links=\"\">Na ag\u00eancia onde ela trabalha, no bairro de Copacabana, no Rio de Janeiro, todos os atendentes t\u00eam mais de 50 anos. Uma decis\u00e3o da companhia para aumentar a diversidade na empresa. N\u00fameros do\u00a0IBGE\u00a0mostram que a Carminha e os colegas n\u00e3o est\u00e3o sozinhos.<\/p>\n<\/div>\n<\/div>\n<div id=\"chunk-gtmv\">\n<div class=\"mc-column content-text active-extra-styles \" data-block-type=\"unstyled\" data-block-weight=\"68\" data-block-id=\"8\">\n<p class=\"content-text__container \" data-track-category=\"Link no Texto\" data-track-links=\"\"><span class=\"highlight highlighted\">De 2012 para 2023, a participa\u00e7\u00e3o de pessoas com 40 anos ou mais na for\u00e7a de trabalho do pa\u00eds passou de\u00a0<\/span><span class=\"highlight highlighted\">38,6%<\/span><span class=\"highlight highlighted\">\u00a0para\u00a0<\/span><span class=\"highlight highlighted\">45,1%<\/span><span class=\"highlight highlighted\">. Em n\u00fameros absolutos, s\u00e3o quase\u00a0<\/span><span class=\"highlight highlighted\">11,5 milh\u00f5es<\/span><span class=\"highlight highlighted\">\u00a0a mais de trabalhadores nessa faixa et\u00e1ria.<\/span>\u00a0Por outro lado, a participa\u00e7\u00e3o de pessoas entre 18 e 24 anos caiu de 17% para 14%. E no grupo entre 25 e 39 anos, redu\u00e7\u00e3o de 40,5% para 38,8%.<\/p>\n<\/div>\n<\/div>\n<div id=\"chunk-d5ldh\">\n<div class=\"mc-column content-text active-extra-styles \" data-block-type=\"unstyled\" data-block-weight=\"33\" data-block-id=\"9\">\n<p class=\"content-text__container \" data-track-category=\"Link no Texto\" data-track-links=\"\">O economista Fernando de Holanda Barbosa Filho diz que programas de inclus\u00e3o ajudam, mas afirma que esse movimento reflete, principalmente, o envelhecimento da nossa popula\u00e7\u00e3o &#8211; como mostrou o Censo divulgado em junho.<\/p>\n<div id=\"chunk-4on8r\">\n<div class=\"mc-column content-text active-extra-styles \" data-block-type=\"unstyled\" data-block-weight=\"41\" data-block-id=\"11\">\n<p class=\"content-text__container \" data-track-category=\"Link no Texto\" data-track-links=\"\">No mundo dos neg\u00f3cios, as regras s\u00e3o ditadas pelo mercado. N\u00e3o existe favor. Se \u00e9 assim,\u00a0<span class=\"highlight highlighted\">quem sai ganhando com a contrata\u00e7\u00e3o desses profissionais mais experientes? Quem entende do assunto diz que todo mundo: os trabalhadores, os clientes\/consumidores e as empresas.<\/span><\/p>\n<\/div>\n<\/div>\n<div id=\"chunk-1br0t\">\n<div class=\"tag-manager-publicidade-container mc-has-reveal mc-has-ad-lazyload tag-manager-publicidade-banner_materia__f3eed940-05fe-42d0-8746-b47613e44395 tag-manager-publicidade-container--carregado tag-manager-publicidade-container--visivel\" data-id=\"banner_materia__f3eed940-05fe-42d0-8746-b47613e44395\" data-google-query-id=\"COqH-o3e3YADFSOblQIdwr8GZw\">\n<div id=\"chunk-951mo\">\n<div class=\"mc-column content-text active-extra-styles \" data-block-type=\"unstyled\" data-block-weight=\"28\" data-block-id=\"14\">\n<p class=\"content-text__container \" data-track-category=\"Link no Texto\" data-track-links=\"\">Mas<span class=\"highlight highlighted\">\u00a0o Morris deixa claro que ainda h\u00e1 muito o que ser conquistado, porque o preconceito contra o profissional mais velho, o chamado\u00a0<\/span><span class=\"highlight highlighted\">etarismo<\/span><span class=\"highlight highlighted\">, ainda \u00e9 uma realidade.<\/span><\/p>\n<p data-track-category=\"Link no Texto\" data-track-links=\"\">Fonte: G1<\/p>\n<\/div>\n<\/div>\n<\/div>\n<\/div>\n<\/div>\n<\/div>\n<\/div>\n<\/div>\n<\/div>\n","protected":false},"excerpt":{"rendered":"<p>Aumentou o n\u00famero de pessoas com 40 anos ou mais trabalhando no Brasil. Maria do Carmo Brito Correa completa 85 anos em agosto, e atende&#8230;<\/p>\n","protected":false},"author":1527,"featured_media":38122,"comment_status":"closed","ping_status":"closed","sticky":false,"template":"","format":"standard","meta":{"footnotes":""},"categories":[6],"tags":[],"class_list":["post-46933","post","type-post","status-publish","format-standard","has-post-thumbnail","hentry","category-noticias"],"_links":{"self":[{"href":"https:\/\/www.sincomam.org.br\/index.php\/wp-json\/wp\/v2\/posts\/46933","targetHints":{"allow":["GET"]}}],"collection":[{"href":"https:\/\/www.sincomam.org.br\/index.php\/wp-json\/wp\/v2\/posts"}],"about":[{"href":"https:\/\/www.sincomam.org.br\/index.php\/wp-json\/wp\/v2\/types\/post"}],"author":[{"embeddable":true,"href":"https:\/\/www.sincomam.org.br\/index.php\/wp-json\/wp\/v2\/users\/1527"}],"replies":[{"embeddable":true,"href":"https:\/\/www.sincomam.org.br\/index.php\/wp-json\/wp\/v2\/comments?post=46933"}],"version-history":[{"count":1,"href":"https:\/\/www.sincomam.org.br\/index.php\/wp-json\/wp\/v2\/posts\/46933\/revisions"}],"predecessor-version":[{"id":46934,"href":"https:\/\/www.sincomam.org.br\/index.php\/wp-json\/wp\/v2\/posts\/46933\/revisions\/46934"}],"wp:featuredmedia":[{"embeddable":true,"href":"https:\/\/www.sincomam.org.br\/index.php\/wp-json\/wp\/v2\/media\/38122"}],"wp:attachment":[{"href":"https:\/\/www.sincomam.org.br\/index.php\/wp-json\/wp\/v2\/media?parent=46933"}],"wp:term":[{"taxonomy":"category","embeddable":true,"href":"https:\/\/www.sincomam.org.br\/index.php\/wp-json\/wp\/v2\/categories?post=46933"},{"taxonomy":"post_tag","embeddable":true,"href":"https:\/\/www.sincomam.org.br\/index.php\/wp-json\/wp\/v2\/tags?post=46933"}],"curies":[{"name":"wp","href":"https:\/\/api.w.org\/{rel}","templated":true}]}}