{"id":4692,"date":"2014-04-03T09:13:14","date_gmt":"2014-04-03T12:13:14","guid":{"rendered":"http:\/\/www.sincomam.org.br\/?p=4692"},"modified":"2014-04-03T10:20:02","modified_gmt":"2014-04-03T13:20:02","slug":"chevron-prepara-retomada-de-producao-em-seis-pocos-de-frade","status":"publish","type":"post","link":"https:\/\/www.sincomam.org.br\/index.php\/chevron-prepara-retomada-de-producao-em-seis-pocos-de-frade\/","title":{"rendered":"Chevron prepara retomada de produ\u00e7\u00e3o em seis po\u00e7os de Frade"},"content":{"rendered":"<p>A Chevron j\u00e1 deu in\u00edcio aos trabalhos preliminares para a retomada da produ\u00e7\u00e3o de seis po\u00e7os j\u00e1 existentes no campo de Frade, na Bacia de Campos. A informa\u00e7\u00e3o foi dada pela presidente da companhia no Brasil, Eunice Carvalho, ao Valor.<\/p>\n<p>\u201cEstamos no processo de, de forma segura, retomar a produ\u00e7\u00e3o nesses seis po\u00e7os. Os trabalhos j\u00e1 come\u00e7aram. \u00c9 um processo preliminar e vai levar algum tempo at\u00e9 registrarmos o aumento da produ\u00e7\u00e3o\u201d, disse Eunice, sem especificar quanto tempo seria.<\/p>\n<p>\u201cTem muito a ver com o desempenho de cada po\u00e7o\u201d, continuou. Ela evitou dizer, ainda, a capacidade de produ\u00e7\u00e3o desses po\u00e7os.<\/p>\n<p>A petroleira tinha sido proibida de operar na regi\u00e3o devido a dois vazamentos que ocorreram na \u00e1rea, o primeiro em novembro de 2011, e o segundo em mar\u00e7o do ano seguinte. Na \u00faltima segunda-feira, dia 31, a Ag\u00eancia Nacional do Petr\u00f3leo, G\u00e1s Natural e Biocombust\u00edveis (ANP) autorizou a produ\u00e7\u00e3o de seis po\u00e7os existentes no campo de Frade.<\/p>\n<p>\u201cEntendemos que \u00e9 importante a retomada [da produ\u00e7\u00e3o], mas o que autorizamos foi a reabertura de po\u00e7os existentes, aqueles po\u00e7os produtores. Nesse caso eles s\u00f3 v\u00e3o drenar o reservat\u00f3rio, pela surg\u00eancia natural. Agora eles [n\u00e3o est\u00e3o autorizados] a usarem po\u00e7os injetores e outros sistemas auxilares. Porque ali a gente tem que monitorar como vai se comportar press\u00e3o. Tem uma s\u00e9rie de cuidados que a diretoria [da ANP] tomou e que est\u00e3o sendo monitorados\u201d, disse ao Valor o diretor da ANP, Waldir Barroso.<\/p>\n<p>Segundo ele, a ANP vai acompanhar ao longo deste ano como esse aumento de produ\u00e7\u00e3o da Chevron vai se comportar. \u201cBaseado nisso vamos avan\u00e7ar gradativamente, vamos liberando para eles come\u00e7arem com po\u00e7o injetor. Esse per\u00edodo aprovado foi de um ano, quando vamos monitorar a avaliar o comportamento do reservat\u00f3rio\u201d, concluiu Barroso.<\/p>\n<p>Sobre a quest\u00e3o da seguran\u00e7a, a presidente da Chevron informou que o padr\u00e3o de seguran\u00e7a da companhia \u00e9 internacional, com li\u00e7\u00f5es aprendidas em coopera\u00e7\u00e3o com autoridades brasileiras. \u201cJ\u00e1 estamos operando de forma segura h\u00e1 mais de um ano e vamos continuar a faz\u00ea-lo\u201d, terminou.<\/p>\n<p>Fonte: Valor Econ\u00f4mico\/Elisa Soares e Diogo Martins<\/p>\n","protected":false},"excerpt":{"rendered":"<p>A Chevron j\u00e1 deu in\u00edcio aos trabalhos preliminares para a retomada da produ\u00e7\u00e3o de seis po\u00e7os j\u00e1 existentes no campo de Frade, na Bacia de&#8230;<\/p>\n","protected":false},"author":1182,"featured_media":4694,"comment_status":"closed","ping_status":"closed","sticky":false,"template":"","format":"standard","meta":{"footnotes":""},"categories":[6],"tags":[361,908,347,907,76,329],"class_list":["post-4692","post","type-post","status-publish","format-standard","has-post-thumbnail","hentry","category-noticias","tag-bacia-de-campos","tag-campo-de-frade","tag-chevron","tag-pocos","tag-producao","tag-retomada"],"_links":{"self":[{"href":"https:\/\/www.sincomam.org.br\/index.php\/wp-json\/wp\/v2\/posts\/4692","targetHints":{"allow":["GET"]}}],"collection":[{"href":"https:\/\/www.sincomam.org.br\/index.php\/wp-json\/wp\/v2\/posts"}],"about":[{"href":"https:\/\/www.sincomam.org.br\/index.php\/wp-json\/wp\/v2\/types\/post"}],"author":[{"embeddable":true,"href":"https:\/\/www.sincomam.org.br\/index.php\/wp-json\/wp\/v2\/users\/1182"}],"replies":[{"embeddable":true,"href":"https:\/\/www.sincomam.org.br\/index.php\/wp-json\/wp\/v2\/comments?post=4692"}],"version-history":[{"count":1,"href":"https:\/\/www.sincomam.org.br\/index.php\/wp-json\/wp\/v2\/posts\/4692\/revisions"}],"predecessor-version":[{"id":4693,"href":"https:\/\/www.sincomam.org.br\/index.php\/wp-json\/wp\/v2\/posts\/4692\/revisions\/4693"}],"wp:featuredmedia":[{"embeddable":true,"href":"https:\/\/www.sincomam.org.br\/index.php\/wp-json\/wp\/v2\/media\/4694"}],"wp:attachment":[{"href":"https:\/\/www.sincomam.org.br\/index.php\/wp-json\/wp\/v2\/media?parent=4692"}],"wp:term":[{"taxonomy":"category","embeddable":true,"href":"https:\/\/www.sincomam.org.br\/index.php\/wp-json\/wp\/v2\/categories?post=4692"},{"taxonomy":"post_tag","embeddable":true,"href":"https:\/\/www.sincomam.org.br\/index.php\/wp-json\/wp\/v2\/tags?post=4692"}],"curies":[{"name":"wp","href":"https:\/\/api.w.org\/{rel}","templated":true}]}}