{"id":46910,"date":"2023-08-14T10:00:38","date_gmt":"2023-08-14T13:00:38","guid":{"rendered":"http:\/\/www.sincomam.org.br\/?p=46910"},"modified":"2023-08-14T10:00:38","modified_gmt":"2023-08-14T13:00:38","slug":"comissao-aprova-uso-do-fgts-em-situacoes-de-calamidades-publicas","status":"publish","type":"post","link":"https:\/\/www.sincomam.org.br\/index.php\/comissao-aprova-uso-do-fgts-em-situacoes-de-calamidades-publicas\/","title":{"rendered":"Comiss\u00e3o aprova uso do FGTS em situa\u00e7\u00f5es de calamidades p\u00fablicas"},"content":{"rendered":"<p>A Comiss\u00e3o de Integra\u00e7\u00e3o Nacional, Desenvolvimento Regional e da Amaz\u00f4nia aprovou o\u00a0<a href=\"https:\/\/www.camara.leg.br\/noticias\/701249-projeto-preve-uso-do-fgts-para-enfrentar-calamidades-publicas\" target=\"_blank\" rel=\"noreferrer noopener nofollow\">Projeto de Lei 1093\/20<\/a>, que prev\u00ea o direcionamento de recursos do Fundo de Garantia do Tempo de Servi\u00e7o (FGTS) para a\u00e7\u00f5es de enfrentamento de emerg\u00eancias decorrentes de calamidade p\u00fablica. O texto inclui a medida na\u00a0<a href=\"https:\/\/www.camara.leg.br\/noticias\/701249-projeto-preve-uso-do-fgts-para-enfrentar-calamidades-publicas\" target=\"_blank\" rel=\"noreferrer noopener\">Lei do FGTS<\/a>.<\/p>\n<p>A legisla\u00e7\u00e3o vigente prev\u00ea a aplica\u00e7\u00e3o dos recursos do fundo em habita\u00e7\u00e3o, saneamento b\u00e1sico, infraestrutura urbana e opera\u00e7\u00f5es de cr\u00e9dito destinadas \u00e0s entidades hospitalares filantr\u00f3picas, a institui\u00e7\u00f5es que atendem pessoas com defici\u00eancia e ainda \u00e0s sem fins lucrativos que participem de forma complementar do Sistema \u00danico de Sa\u00fade (SUS).<\/p>\n<div>\n<p data-fetch=\"true\">Para o relator na comiss\u00e3o, deputado Daniel Agrobom (PL-GO), apesar de a calamidade p\u00fablica nacional gerada pela pandemia mostrar-se atualmente superada, a iniciativa n\u00e3o perdeu seu objeto. \u201cContinua essencial para ajudar a preparar o Pa\u00eds para o combate de emerg\u00eancias futuras que configurem calamidade p\u00fablica nacional. Assim, a proposi\u00e7\u00e3o passa a ter car\u00e1ter estrat\u00e9gico e proativo no enfrentamento dessas adversidades\u201d, afirmou o deputado.<\/p>\n<div id=\"P_JORNAL_CONTABIL_INTEXT_02_0\" data-premium=\"\" data-adunit=\"JORNAL_CONTABIL_INTEXT_02\" data-sizes-mobile=\"[[336,280],[300,250]]\" data-sizes-desktop=\"[[336,280],[300,250]]\" data-type=\"intext\" data-count=\"2\" data-fetch=\"true\" data-google-query-id=\"COim1-qZ3IADFdWFlQId_vYPJg\">\n<h3 id=\"h-tramitacao\" class=\"wp-block-heading\"><strong>Tramita\u00e7\u00e3o<\/strong><\/h3>\n<p>O projeto, tramita em car\u00e1ter conclusivo, e ainda ser\u00e1 analisado pelas comiss\u00f5es de Trabalho, de Administra\u00e7\u00e3o e Servi\u00e7o P\u00fablico; de Finan\u00e7as e Tributa\u00e7\u00e3o; e de Constitui\u00e7\u00e3o e Justi\u00e7a e de Cidadania.<\/p>\n<p>Fonte: Jornal Cont\u00e1bil<\/p>\n<\/div>\n<\/div>\n","protected":false},"excerpt":{"rendered":"<p>A Comiss\u00e3o de Integra\u00e7\u00e3o Nacional, Desenvolvimento Regional e da Amaz\u00f4nia aprovou o\u00a0Projeto de Lei 1093\/20, que prev\u00ea o direcionamento de recursos do Fundo de Garantia&#8230;<\/p>\n","protected":false},"author":1527,"featured_media":38609,"comment_status":"closed","ping_status":"closed","sticky":false,"template":"","format":"standard","meta":{"footnotes":""},"categories":[6],"tags":[],"class_list":["post-46910","post","type-post","status-publish","format-standard","has-post-thumbnail","hentry","category-noticias"],"_links":{"self":[{"href":"https:\/\/www.sincomam.org.br\/index.php\/wp-json\/wp\/v2\/posts\/46910","targetHints":{"allow":["GET"]}}],"collection":[{"href":"https:\/\/www.sincomam.org.br\/index.php\/wp-json\/wp\/v2\/posts"}],"about":[{"href":"https:\/\/www.sincomam.org.br\/index.php\/wp-json\/wp\/v2\/types\/post"}],"author":[{"embeddable":true,"href":"https:\/\/www.sincomam.org.br\/index.php\/wp-json\/wp\/v2\/users\/1527"}],"replies":[{"embeddable":true,"href":"https:\/\/www.sincomam.org.br\/index.php\/wp-json\/wp\/v2\/comments?post=46910"}],"version-history":[{"count":1,"href":"https:\/\/www.sincomam.org.br\/index.php\/wp-json\/wp\/v2\/posts\/46910\/revisions"}],"predecessor-version":[{"id":46911,"href":"https:\/\/www.sincomam.org.br\/index.php\/wp-json\/wp\/v2\/posts\/46910\/revisions\/46911"}],"wp:featuredmedia":[{"embeddable":true,"href":"https:\/\/www.sincomam.org.br\/index.php\/wp-json\/wp\/v2\/media\/38609"}],"wp:attachment":[{"href":"https:\/\/www.sincomam.org.br\/index.php\/wp-json\/wp\/v2\/media?parent=46910"}],"wp:term":[{"taxonomy":"category","embeddable":true,"href":"https:\/\/www.sincomam.org.br\/index.php\/wp-json\/wp\/v2\/categories?post=46910"},{"taxonomy":"post_tag","embeddable":true,"href":"https:\/\/www.sincomam.org.br\/index.php\/wp-json\/wp\/v2\/tags?post=46910"}],"curies":[{"name":"wp","href":"https:\/\/api.w.org\/{rel}","templated":true}]}}